{"id":17245,"date":"2023-08-03T09:01:47","date_gmt":"2023-08-03T09:01:47","guid":{"rendered":"https:\/\/www.gadis.es\/saludable\/?p=17245"},"modified":"2025-09-30T08:17:18","modified_gmt":"2025-09-30T08:17:18","slug":"como-cuidar-la-naturaleza-en-tus-vacaciones-de-verano","status":"publish","type":"post","link":"https:\/\/www.gadis.es\/saludable\/como-cuidar-la-naturaleza-en-tus-vacaciones-de-verano\/","title":{"rendered":"\u00bfC\u00f3mo cuidar la naturaleza en tus vacaciones de verano?"},"content":{"rendered":"<p>El <strong>verano<\/strong> nos brinda m\u00e1s tiempo de ocio y suele incrementar nuestro nivel de actividad. Esto, unido a las altas temperaturas, que parecen ser m\u00e1s calurosas cada a\u00f1o, agrava nuestro<strong> impacto sobre el entorno<\/strong>. Durante esta \u00e9poca del a\u00f1o, el consumo de agua y energ\u00eda es mayor, al igual que nuestra huella de carbono. Adem\u00e1s, solemos pasar m\u00e1s tiempo en la naturaleza porque organizamos m\u00e1s planes al aire libre: picnics, d\u00edas en la playa o en la monta\u00f1a, visitas a parques naturales, estancias en el pueblo\u2026 Una de las consecuencias m\u00e1s notorias es el <strong>abandono de residuos en los entornos naturales<\/strong>, la temida <a href=\"https:\/\/www.gadis.es\/saludable\/que-es-la-basuraleza\/\">basuraleza<\/a> que pone en peligro la biodiversidad de los ecosistemas y los recursos del planeta. Pero no solo es un problema de los lugares que visitamos, sino tambi\u00e9n de aquellos por los que pasamos en los desplazamientos por carretera. La basura que se acumula en las cunetas <a href=\"https:\/\/proyectolibera.org\/storage\/otros\/Impacto-de-la-basuraleza-en-cunetas_Proyecto-LIBERA-2019-def.pdf\" target=\"_blank\" rel=\"noopener\">aumenta el riesgo de incendios, la contaminaci\u00f3n y el deterioro en el funcionamiento de las v\u00edas de encauzamientos de aguas<\/a>. Por eso, desde <a href=\"https:\/\/www.gadis.es\/\">Gadis<\/a> queremos compartir contigo algunos <strong>consejos para cuidar la naturaleza en tus vacaciones de verano.<\/strong> \u00bfQuieres saber m\u00e1s? \u00a1Sigue leyendo!<\/p>\n<h3><img fetchpriority=\"high\" decoding=\"async\" class=\" wp-image-17254 aligncenter\" src=\"https:\/\/www.gadis.es\/saludable\/wp-content\/uploads\/2023\/08\/CUIDAR-NATURALEZA-VERANO_GADIS-14-300x225.jpg\" alt=\"\" width=\"351\" height=\"263\" srcset=\"https:\/\/www.gadis.es\/saludable\/wp-content\/uploads\/2023\/08\/CUIDAR-NATURALEZA-VERANO_GADIS-14-300x225.jpg 300w, https:\/\/www.gadis.es\/saludable\/wp-content\/uploads\/2023\/08\/CUIDAR-NATURALEZA-VERANO_GADIS-14-1024x768.jpg 1024w, https:\/\/www.gadis.es\/saludable\/wp-content\/uploads\/2023\/08\/CUIDAR-NATURALEZA-VERANO_GADIS-14-768x576.jpg 768w, https:\/\/www.gadis.es\/saludable\/wp-content\/uploads\/2023\/08\/CUIDAR-NATURALEZA-VERANO_GADIS-14-1536x1152.jpg 1536w, https:\/\/www.gadis.es\/saludable\/wp-content\/uploads\/2023\/08\/CUIDAR-NATURALEZA-VERANO_GADIS-14-2048x1536.jpg 2048w\" sizes=\"(max-width: 351px) 100vw, 351px\" \/><\/h3>\n<h3>Cuidar de la naturaleza, tambi\u00e9n, es una responsabilidad individual<\/h3>\n<p>La principal soluci\u00f3n para el deterioro del entorno natural es la <strong>prevenci\u00f3n<\/strong>. En este sentido, el respeto por el medio ambiente pasa por buscar que nuestra actividad no lo perjudique. Se trata de introducir cambios en nuestras rutinas para adoptar <strong>h\u00e1bitos sostenibles<\/strong> que contribuyan a disminuir el efecto negativo de nuestras acciones. As\u00ed lo destaca el <a href=\"https:\/\/proyectolibera.org\/storage\/recursos\/Impacto-de-los-plasticos-abandonados_LIBERA-def-1.pdf\" target=\"_blank\" rel=\"noopener\">informe<\/a> del proyecto Libera sobre el impacto del abandono del pl\u00e1stico en la naturaleza, que subraya la <strong>responsabilidad individual como una de las principales medidas<\/strong> para mitigar el da\u00f1o que causamos al planeta. Es ese compromiso el que evita el abandono de residuos, garantiza un consumo responsable y apuesta por un modelo de <a href=\"https:\/\/www.gadis.es\/saludable\/economia-circular\/\">econom\u00eda circular<\/a>, adem\u00e1s de cuidar de todos los elementos que conforman el h\u00e1bitat natural, incluidas su fauna y su flora.<br \/>\nUno de los principales retos de este siglo es la <strong>reducci\u00f3n del impacto negativo del turismo<\/strong> para avanzar hacia un modelo m\u00e1s sostenible. La \u00fanica manera de lograrlo es contar con la participaci\u00f3n de todas aquellas personas que viajan a los destinos, ya que sus decisiones y sus conductas pueden contribuir de manera significativa a minimizar la huella que dejan en sus desplazamientos y estancias. Tanto si vas a visitar alg\u00fan destino lejano (o no tan lejano) como si tus vacaciones van a transcurrir dentro de tu municipio, es importante tomar conciencia de la presi\u00f3n que nuestras acciones pueden ejercer sobre el entorno. A continuaci\u00f3n, compartimos algunas<strong> formas de cuidar la naturaleza con informaci\u00f3n muy sencilla y pr\u00e1ctica<\/strong> para que disfrutes de unas vacaciones responsables.<\/p>\n<h3><\/h3>\n<h3><img decoding=\"async\" class=\" wp-image-17251 aligncenter\" src=\"https:\/\/www.gadis.es\/saludable\/wp-content\/uploads\/2023\/08\/CUIDAR-NATURALEZA-VERANO_GADIS-11-200x300.jpg\" alt=\"\" width=\"233\" height=\"350\" srcset=\"https:\/\/www.gadis.es\/saludable\/wp-content\/uploads\/2023\/08\/CUIDAR-NATURALEZA-VERANO_GADIS-11-200x300.jpg 200w, https:\/\/www.gadis.es\/saludable\/wp-content\/uploads\/2023\/08\/CUIDAR-NATURALEZA-VERANO_GADIS-11-683x1024.jpg 683w, https:\/\/www.gadis.es\/saludable\/wp-content\/uploads\/2023\/08\/CUIDAR-NATURALEZA-VERANO_GADIS-11-768x1152.jpg 768w, https:\/\/www.gadis.es\/saludable\/wp-content\/uploads\/2023\/08\/CUIDAR-NATURALEZA-VERANO_GADIS-11-1024x1536.jpg 1024w, https:\/\/www.gadis.es\/saludable\/wp-content\/uploads\/2023\/08\/CUIDAR-NATURALEZA-VERANO_GADIS-11-1365x2048.jpg 1365w, https:\/\/www.gadis.es\/saludable\/wp-content\/uploads\/2023\/08\/CUIDAR-NATURALEZA-VERANO_GADIS-11-scaled.jpg 1706w\" sizes=\"(max-width: 233px) 100vw, 233px\" \/><\/h3>\n<h3>\u00bfC\u00f3mo cuidar la naturaleza en tus vacaciones de verano?<\/h3>\n<p>Sabemos que el verano es casi un sin\u00f3nimo de descanso y desconexi\u00f3n, pero tambi\u00e9n puede serlo de reconexi\u00f3n con la naturaleza. Para disfrutarla al m\u00e1ximo, es importante cuidarla y aqu\u00ed tienes algunas pistas para que puedas hacerlo estas vacaciones:<br \/>\n&#8211; Practica el <strong>ecoturismo<\/strong>. Viaja de forma sostenible, elige alojamientos respetuosos con el medio ambiente, respeta el entorno y la cultura de los lugares que visitas y procura minimizar al m\u00e1ximo tu huella de carbono, vigilando tu consumo de agua y electricidad para no malgastar los recursos.<br \/>\n&#8211; Procura <strong>no invadir h\u00e1bitats<\/strong>. Observa la flora y la fauna, pero no la toques. Tampoco participes en actividades que puedan entra\u00f1ar peligro para los ecosistemas, explotaci\u00f3n y maltrato animal.<br \/>\n&#8211; <strong>Mu\u00e9vete de forma sostenible<\/strong>. Siempre que sea posible, camina o recurre al transporte p\u00fablico o a la bicicleta para tus desplazamientos.<br \/>\n&#8211; Independientemente de que viajes o no, contin\u00faa con tus h\u00e1bitos de <strong>reciclaje<\/strong>. Al llegar a tu lugar de destino localiza los contenedores m\u00e1s cercanos para no perder las buenas costumbres. Para eso, no hay vacaciones \ud83d\ude09.<br \/>\n&#8211; Sigue consumiendo <strong>producto local y de temporada<\/strong>.<br \/>\n&#8211; En tus salidas a la playa o al campo, <strong>no dejes basura<\/strong>. Lleva bolsas para guardar los desperdicios y depositarlas despu\u00e9s en los contenedores correspondientes.<br \/>\n&#8211; El verano es la \u00e9poca del a\u00f1o m\u00e1s propicia para la proliferaci\u00f3n de incendios, <strong>extrema las precauciones<\/strong>, depositando las colillas, las cerillas y los envases de vidrio en contenedores o papeleras.<\/p>\n<p><img decoding=\"async\" class=\" wp-image-17246 aligncenter\" src=\"https:\/\/www.gadis.es\/saludable\/wp-content\/uploads\/2023\/08\/CUIDAR-NATURALEZA-VERANO_GADIS-2-fuente-Proyecto-Libera-300x200.jpg\" alt=\"\" width=\"351\" height=\"234\" srcset=\"https:\/\/www.gadis.es\/saludable\/wp-content\/uploads\/2023\/08\/CUIDAR-NATURALEZA-VERANO_GADIS-2-fuente-Proyecto-Libera-300x200.jpg 300w, https:\/\/www.gadis.es\/saludable\/wp-content\/uploads\/2023\/08\/CUIDAR-NATURALEZA-VERANO_GADIS-2-fuente-Proyecto-Libera-1024x683.jpg 1024w, https:\/\/www.gadis.es\/saludable\/wp-content\/uploads\/2023\/08\/CUIDAR-NATURALEZA-VERANO_GADIS-2-fuente-Proyecto-Libera-768x512.jpg 768w, https:\/\/www.gadis.es\/saludable\/wp-content\/uploads\/2023\/08\/CUIDAR-NATURALEZA-VERANO_GADIS-2-fuente-Proyecto-Libera-1536x1024.jpg 1536w, https:\/\/www.gadis.es\/saludable\/wp-content\/uploads\/2023\/08\/CUIDAR-NATURALEZA-VERANO_GADIS-2-fuente-Proyecto-Libera-2048x1365.jpg 2048w\" sizes=\"(max-width: 351px) 100vw, 351px\" \/><\/p>\n<p>&#8211; <strong>No enciendas hogueras<\/strong> en lugares que no est\u00e9n autorizados. Busca los espacios permitidos y acondicionados. Apaga el fuego una hora antes de irte y aseg\u00farate de que est\u00e1 completamente apagado antes de abandonar el lugar.<br \/>\n&#8211; <strong>Optimiza los recursos naturales de refrigeraci\u00f3n,<\/strong> ventilando en las horas m\u00e1s frescas y cerrando ventanas y bajando persianas cuando aprieta el calor.<br \/>\n&#8211; Apuesta por la <strong>eficiencia de los sistemas de climatizaci\u00f3n<\/strong>. Si es posible, prioriza el uso de ventilador frente al aire acondicionado para reducir el consumo el\u00e9ctrico. Si utilizas el aire acondicionado, no lo pongas a una temperatura inferior a 24\u00ba (cada grado de temperatura que descienda, implica un 8% m\u00e1s de energ\u00eda consumida).<br \/>\n&#8211; Utiliza <strong>protecci\u00f3n solar respetuosa con los oc\u00e9anos<\/strong>, evitando compuestos qu\u00edmicos como la oxibenzona y el octilmetoxicinamato que alteran los ecosistemas marinos.<br \/>\n&#8211; Reduce la basuraleza. Adem\u00e1s de seguir siendo <strong>responsable con los residuos que generas<\/strong>, puedes colaborar recogiendo la basura que vayas encontrando en cada uno de tus planes.<br \/>\n&#8211; En Espa\u00f1a, m\u00e1s de 4,5 billones de <strong>colillas<\/strong> terminan abandonadas en la naturaleza. Sus componentes pueden tardar en degradarse hasta diez a\u00f1os, por lo que constituyen una amenaza importante para el medio ambiente. Si fumas, presta especial atenci\u00f3n para depositarlas en ceniceros y papeleras.<br \/>\n\u00bfQu\u00e9 te han parecido estos consejos? \u00bfTe animas a cuidar de la naturaleza durante tus vacaciones de verano?<\/p>\n","protected":false},"excerpt":{"rendered":"<p>El verano nos brinda m\u00e1s tiempo de ocio y suele incrementar nuestro nivel de actividad. Esto, unido a las altas temperaturas, que parecen ser m\u00e1s calurosas cada a\u00f1o, agrava nuestro impacto sobre el entorno. Durante esta \u00e9poca del a\u00f1o, el consumo de agua y energ\u00eda es mayor, al igual que nuestra huella de carbono. Adem\u00e1s, [&hellip;]<\/p>\n","protected":false},"author":2,"featured_media":17251,"comment_status":"closed","ping_status":"closed","sticky":false,"template":"","format":"standard","meta":{"footnotes":""},"categories":[9,766],"tags":[],"class_list":["post-17245","post","type-post","status-publish","format-standard","has-post-thumbnail","hentry","category-actualidad","category-migracion"],"_links":{"self":[{"href":"https:\/\/www.gadis.es\/saludable\/wp-json\/wp\/v2\/posts\/17245","targetHints":{"allow":["GET"]}}],"collection":[{"href":"https:\/\/www.gadis.es\/saludable\/wp-json\/wp\/v2\/posts"}],"about":[{"href":"https:\/\/www.gadis.es\/saludable\/wp-json\/wp\/v2\/types\/post"}],"author":[{"embeddable":true,"href":"https:\/\/www.gadis.es\/saludable\/wp-json\/wp\/v2\/users\/2"}],"replies":[{"embeddable":true,"href":"https:\/\/www.gadis.es\/saludable\/wp-json\/wp\/v2\/comments?post=17245"}],"version-history":[{"count":2,"href":"https:\/\/www.gadis.es\/saludable\/wp-json\/wp\/v2\/posts\/17245\/revisions"}],"predecessor-version":[{"id":17816,"href":"https:\/\/www.gadis.es\/saludable\/wp-json\/wp\/v2\/posts\/17245\/revisions\/17816"}],"wp:featuredmedia":[{"embeddable":true,"href":"https:\/\/www.gadis.es\/saludable\/wp-json\/wp\/v2\/media\/17251"}],"wp:attachment":[{"href":"https:\/\/www.gadis.es\/saludable\/wp-json\/wp\/v2\/media?parent=17245"}],"wp:term":[{"taxonomy":"category","embeddable":true,"href":"https:\/\/www.gadis.es\/saludable\/wp-json\/wp\/v2\/categories?post=17245"},{"taxonomy":"post_tag","embeddable":true,"href":"https:\/\/www.gadis.es\/saludable\/wp-json\/wp\/v2\/tags?post=17245"}],"curies":[{"name":"wp","href":"https:\/\/api.w.org\/{rel}","templated":true}]}}