{"id":11837,"date":"2021-11-26T11:11:09","date_gmt":"2021-11-26T11:11:09","guid":{"rendered":"https:\/\/www.gadis.es\/saludable\/?p=11837"},"modified":"2023-03-20T10:48:10","modified_gmt":"2023-03-20T10:48:10","slug":"25n-dia-internacional-para-la-eliminacion-de-la-violencia-contra-la-mujer","status":"publish","type":"post","link":"https:\/\/www.gadis.es\/saludable\/25n-dia-internacional-para-la-eliminacion-de-la-violencia-contra-la-mujer\/","title":{"rendered":"25N. D\u00eda Internacional para la Eliminaci\u00f3n de la Violencia contra la Mujer"},"content":{"rendered":"<p>Cada <strong>25 de noviembre<\/strong> se celebra el <strong>D\u00eda Internacional para la Eliminaci\u00f3n de la Violencia contra la Mujer<\/strong>, con el que se pretende <strong>denunciar la violencia que se ejerce sobre las mujeres<\/strong> en todo el mundo, a la vez que se reclaman <strong>medidas que contribuyan a su erradicaci\u00f3n<\/strong>. Pese a que esta conmemoraci\u00f3n se inici\u00f3 de manera \u201coficiosa\u201d hace cuarenta a\u00f1os con el Primer Encuentro Feminista Latinoamericano y del Caribe, la ONU no design\u00f3 la fecha de manera oficial hasta 1999. Con la elecci\u00f3n de este d\u00eda de noviembre, se pretend\u00eda recordar a las <a href=\"https:\/\/es.wikipedia.org\/wiki\/Hermanas_Mirabal\" target=\"_blank\" rel=\"noopener\">tres activistas dominicanas<\/a> (Patricia, Minerva y Mar\u00eda Teresa Mirabal) que fueron asesinadas, en 1960, bajo la dictadura de Rafael Trujillo Molina.<br \/>\nPor desgracia, <strong>la violencia contra las mujeres continua siendo un problema grave que se manifesta de distintas maneras y en \u00e1mbitos muy diversos de la sociedad<\/strong>. Por eso, desde <a href=\"https:\/\/www.gadis.es\/\">Gadis<\/a>, queremos sumar nuestro granito de arena a la concienciaci\u00f3n y sensibilizaci\u00f3n sobre el tema. As\u00ed, un a\u00f1o m\u00e1s, mantenemos nuestro apoyo a la acci\u00f3n En <a href=\"https:\/\/ennegrocontraasviolencias.gal\/es\" target=\"_blank\" rel=\"noopener\">negro contra as violencias<\/a>, que se impuls\u00f3 hace seis a\u00f1os desde distintos organismos y que ha ido creciendo con la incorporaci\u00f3n de nuevos agentes cada a\u00f1o y la extensi\u00f3n a muchos ayuntamientos. \u00bfQuieres saber m\u00e1s? \u00a1Sigue leyendo!<br \/>\n<img decoding=\"async\" class=\" wp-image-11841 aligncenter\" src=\"https:\/\/gadis.es\/saludable\/wp-content\/uploads\/2021\/11\/CONTRA-VIOLENCIA-MUJERES-GADIS-300x113.jpg\" alt=\"\" width=\"348\" height=\"131\" srcset=\"https:\/\/www.gadis.es\/saludable\/wp-content\/uploads\/2021\/11\/CONTRA-VIOLENCIA-MUJERES-GADIS-300x113.jpg 300w, https:\/\/www.gadis.es\/saludable\/wp-content\/uploads\/2021\/11\/CONTRA-VIOLENCIA-MUJERES-GADIS-768x289.jpg 768w, https:\/\/www.gadis.es\/saludable\/wp-content\/uploads\/2021\/11\/CONTRA-VIOLENCIA-MUJERES-GADIS.jpg 851w\" sizes=\"(max-width: 348px) 100vw, 348px\" \/><\/p>\n<h3>La violencia contra las mujeres<\/h3>\n<p>La Declaraci\u00f3n sobre la Eliminaci\u00f3n de la Violencia contra la Mujer, adoptada por la Asamblea General de las Naciones Unidas, define la <strong>violencia contra la mujer<\/strong> como \u00abtodo acto de violencia basado en la pertenencia al sexo femenino que tenga o pueda tener por resultado un da\u00f1o o sufrimiento f\u00edsico, psicol\u00f3gico o sexual para las mujeres, as\u00ed como las amenazas de tales actos, la coacci\u00f3n o la privaci\u00f3n arbitraria de la libertad, tanto si se producen en la vida p\u00fablica como en la privada\u00bb. La violencia contra las mujeres y las ni\u00f1as es una de las violaciones m\u00e1s generalizadas de los derechos humanos y tiene graves consecuencias f\u00edsicas, econ\u00f3micas y psicol\u00f3gicas sobre las v\u00edctimas. Existen <a href=\"https:\/\/www.unwomen.org\/es\/what-we-do\/ending-violence-against-women\/faqs\/types-of-violence\" target=\"_blank\" rel=\"noopener\">diversas formas de violencia contra la mujer<\/a>:<br \/>\n&#8211; Violencia contra mujeres y ni\u00f1as en el \u00e1mbito privado:<br \/>\n&#8211; Violencia econ\u00f3mica<br \/>\n&#8211; Violencia psicol\u00f3gica<br \/>\n&#8211; Violencia emocional<br \/>\n&#8211; Violencia f\u00edsica<br \/>\n&#8211; Violencia sexual<br \/>\n&#8211; Feminicidio<br \/>\n&#8211; Asesinato por honor<br \/>\n&#8211; Violencia sexual<br \/>\n&#8211; Acoso sexual<br \/>\n&#8211; Violaci\u00f3n<br \/>\n&#8211; Violaci\u00f3n correctiva<br \/>\n&#8211; Cultura de la violaci\u00f3n<br \/>\n&#8211; Trata de personas<br \/>\n&#8211; Mutilaci\u00f3n genital femenina<br \/>\n&#8211; Matrimonio infantil<br \/>\n&#8211; Violencia en l\u00ednea o digital<br \/>\n&#8211; Ciberacoso<br \/>\n&#8211; Sexteo o sexting<br \/>\n&#8211; Doxing<br \/>\n<img fetchpriority=\"high\" decoding=\"async\" class=\" wp-image-11839 aligncenter\" src=\"https:\/\/gadis.es\/saludable\/wp-content\/uploads\/2021\/11\/CONTRA-VIOLENCIA-MUJERES_GADIS-10-300x157.png\" alt=\"\" width=\"350\" height=\"183\" srcset=\"https:\/\/www.gadis.es\/saludable\/wp-content\/uploads\/2021\/11\/CONTRA-VIOLENCIA-MUJERES_GADIS-10-300x157.png 300w, https:\/\/www.gadis.es\/saludable\/wp-content\/uploads\/2021\/11\/CONTRA-VIOLENCIA-MUJERES_GADIS-10-1024x535.png 1024w, https:\/\/www.gadis.es\/saludable\/wp-content\/uploads\/2021\/11\/CONTRA-VIOLENCIA-MUJERES_GADIS-10-768x401.png 768w, https:\/\/www.gadis.es\/saludable\/wp-content\/uploads\/2021\/11\/CONTRA-VIOLENCIA-MUJERES_GADIS-10.png 1200w\" sizes=\"(max-width: 350px) 100vw, 350px\" \/><br \/>\n\u00bfSab\u00edas que <strong>casi 1 de cada 3 mujeres ha sufrido abusos <\/strong>a lo largo de su vida? \u00bfY que, de ellas, <strong>menos del 40% buscan alg\u00fan tipo de ayuda<\/strong>? Adem\u00e1s, cada d\u00eda, <strong>137 mujeres son asesinadas en todo el mundo por miembros de su propia familia<\/strong>. La violencia contra la mujer es un problema global, que se ha visto agravado con la pandemia. Y las cifras de nuestro pa\u00eds tambi\u00e9n son preocupantes. De acuerdo con la <a href=\"https:\/\/violenciagenero.igualdad.gob.es\/violenciaEnCifras\/macroencuesta2015\/Macroencuesta2019\/home.htm\" target=\"_blank\" rel=\"noopener\">Macroencuesta de Violencia sobre la Mujer<\/a> de 2019, el <strong>57,3 % de las mujeres que viven en Espa\u00f1a ha sufrido alg\u00fan tipo de violencia machista<\/strong> a lo largo de su vida (11,3 millones): m\u00e1s de 4 millones han padecido violencia f\u00edsica; 2,8 millones, violencia sexual y m\u00e1s de 8 millones aseguran haber sido v\u00edctima de acoso sexual.<br \/>\nEl <a href=\"https:\/\/www.unwomen.org\/es\/digital-library\/publications\/2020\/06\/annual-report-2019-2020\" target=\"_blank\" rel=\"noopener\">Informe Anual 2019-2020<\/a> de la ONU MUJERES advierte del mayor riesgo que enfrentan mujeres y ni\u00f1as por el simple hecho de serlo. La desigualdad y la discriminaci\u00f3n de g\u00e9nero las sit\u00faa en una situaci\u00f3n de vulnerabilidad que es necesario combatir.<\/p>\n<h3>Combatir la violencia contra la mujer. En negro contra as violencias.<\/h3>\n<p>Es urgente frenar la violencia contra la mujer. Para ello, hay que analizar las causas a partir de un enfoque integral e inclusivo que fomente la<strong> transformaci\u00f3n de las normas sociales da\u00f1inas y empodere a las mujeres y a las ni\u00f1as<\/strong>. Si bien es cierto que ha habido avances legislativos y en la concienciaci\u00f3n social, todav\u00eda sigue siendo necesario recordar el peligro que se cierne sobre las mujeres por el mero hecho de serlo.<br \/>\nBuscando combatir la violencia contra la mujer, en 2015, surgi\u00f3 <strong>En negro contra as violencias<\/strong>, una acci\u00f3n colectiva de sensibilizaci\u00f3n social contra las violencias machistas que cont\u00f3 con el impulso de Administraci\u00f3n Local de Santiago de Compostela. Se trata de una campa\u00f1a activa todo el a\u00f1o, pero, durante el mes de noviembre, su actividad es m\u00e1s intensa. Desde su inicio, busc\u00f3 implicar al tejido econ\u00f3mico, asociativo, educativo, deportivo, social y cultural, as\u00ed como a toda la ciudadan\u00eda, ya que es importante ofrecer una <strong>respuesta colectiva de rechazo<\/strong> de las violencias de g\u00e9nero y los asesinatos machistas. Una de sus apuestas con m\u00e1s impacto es la que busca <strong>identificar, transmitir e incidir en los comportamientos y expresiones verbales<\/strong> que est\u00e1n detr\u00e1s de las violencias de g\u00e9nero. A trav\u00e9s de material espec\u00edfico que se distribuye entre la ciudadan\u00eda, las empresas, los establecimientos comerciales y los agentes sociales han logrado que el mensaje penetre en la sociedad. Nosotros no nos quedamos atr\u00e1s y somos patrocinadores y colaboradores de esta iniciativa desde sus inicios.<\/p>\n<p><img decoding=\"async\" class=\" wp-image-11840 aligncenter\" src=\"https:\/\/gadis.es\/saludable\/wp-content\/uploads\/2021\/11\/CONTRA-VIOLENCIA-MUJERES_GADIS-12-300x157.png\" alt=\"\" width=\"350\" height=\"183\" srcset=\"https:\/\/www.gadis.es\/saludable\/wp-content\/uploads\/2021\/11\/CONTRA-VIOLENCIA-MUJERES_GADIS-12-300x157.png 300w, https:\/\/www.gadis.es\/saludable\/wp-content\/uploads\/2021\/11\/CONTRA-VIOLENCIA-MUJERES_GADIS-12-1024x535.png 1024w, https:\/\/www.gadis.es\/saludable\/wp-content\/uploads\/2021\/11\/CONTRA-VIOLENCIA-MUJERES_GADIS-12-768x401.png 768w, https:\/\/www.gadis.es\/saludable\/wp-content\/uploads\/2021\/11\/CONTRA-VIOLENCIA-MUJERES_GADIS-12.png 1200w\" sizes=\"(max-width: 350px) 100vw, 350px\" \/><\/p>\n<h3>Pinta el mundo de naranja<\/h3>\n<p>Como parte de la campa\u00f1a de sensibilizaci\u00f3n sobre el tema, este a\u00f1o, la ONU promueve el D\u00eda Internacional de la Eliminaci\u00f3n de la Violencia contra la Mujer con el lema \u00abPinta el mundo de naranja: \u00a1Pongamos fin a la violencia contra las mujeres YA!\u00bb \u00bfPor qu\u00e9 de naranja? Porque es el color que utilizan en sus campa\u00f1as para representar un futuro m\u00e1s brillante y libre de violencia contra las mujeres y las ni\u00f1as. Adem\u00e1s, al igual que otros a\u00f1os, tambi\u00e9n ponen en marcha la campa\u00f1a \u00danete, con la que proponen 16 d\u00edas de activismo (entre el 25 de noviembre y el 10 de diciembre) para solicitar una acci\u00f3n global que aumente la conciencia e impulse las actuaciones contra este tipo de violencia.<br \/>\n\u00bfY t\u00fa? \u00bfTe unes al rechazo de la violencia contra las mujeres?<\/p>\n","protected":false},"excerpt":{"rendered":"<p>Cada 25 de noviembre se celebra el D\u00eda Internacional para la Eliminaci\u00f3n de la Violencia contra la Mujer, con el que se pretende denunciar la violencia que se ejerce sobre las mujeres en todo el mundo, a la vez que se reclaman medidas que contribuyan a su erradicaci\u00f3n. Pese a que esta conmemoraci\u00f3n se inici\u00f3 [&hellip;]<\/p>\n","protected":false},"author":2,"featured_media":11839,"comment_status":"closed","ping_status":"closed","sticky":false,"template":"","format":"standard","meta":{"footnotes":""},"categories":[9],"tags":[],"class_list":["post-11837","post","type-post","status-publish","format-standard","has-post-thumbnail","hentry","category-actualidad"],"_links":{"self":[{"href":"https:\/\/www.gadis.es\/saludable\/wp-json\/wp\/v2\/posts\/11837","targetHints":{"allow":["GET"]}}],"collection":[{"href":"https:\/\/www.gadis.es\/saludable\/wp-json\/wp\/v2\/posts"}],"about":[{"href":"https:\/\/www.gadis.es\/saludable\/wp-json\/wp\/v2\/types\/post"}],"author":[{"embeddable":true,"href":"https:\/\/www.gadis.es\/saludable\/wp-json\/wp\/v2\/users\/2"}],"replies":[{"embeddable":true,"href":"https:\/\/www.gadis.es\/saludable\/wp-json\/wp\/v2\/comments?post=11837"}],"version-history":[{"count":2,"href":"https:\/\/www.gadis.es\/saludable\/wp-json\/wp\/v2\/posts\/11837\/revisions"}],"predecessor-version":[{"id":15525,"href":"https:\/\/www.gadis.es\/saludable\/wp-json\/wp\/v2\/posts\/11837\/revisions\/15525"}],"wp:featuredmedia":[{"embeddable":true,"href":"https:\/\/www.gadis.es\/saludable\/wp-json\/wp\/v2\/media\/11839"}],"wp:attachment":[{"href":"https:\/\/www.gadis.es\/saludable\/wp-json\/wp\/v2\/media?parent=11837"}],"wp:term":[{"taxonomy":"category","embeddable":true,"href":"https:\/\/www.gadis.es\/saludable\/wp-json\/wp\/v2\/categories?post=11837"},{"taxonomy":"post_tag","embeddable":true,"href":"https:\/\/www.gadis.es\/saludable\/wp-json\/wp\/v2\/tags?post=11837"}],"curies":[{"name":"wp","href":"https:\/\/api.w.org\/{rel}","templated":true}]}}