{"id":23849,"date":"2026-04-28T12:28:41","date_gmt":"2026-04-28T10:28:41","guid":{"rendered":"https:\/\/www.gadis.es\/receta\/?p=23849"},"modified":"2026-04-28T12:28:41","modified_gmt":"2026-04-28T10:28:41","slug":"focaccia-de-primavera","status":"publish","type":"post","link":"https:\/\/www.gadis.es\/receta\/gl\/focaccia-de-primavera\/","title":{"rendered":"Focaccia de primavera"},"content":{"rendered":"\t\t<div data-elementor-type=\"wp-post\" data-elementor-id=\"23849\" class=\"elementor elementor-23849\">\n\t\t\t\t\t\t\t\t\t<section class=\"elementor-section elementor-top-section elementor-element elementor-element-d5225ac elementor-section-boxed elementor-section-height-default elementor-section-height-default\" data-id=\"d5225ac\" data-element_type=\"section\">\n\t\t\t\t\t\t<div class=\"elementor-container elementor-column-gap-default\">\n\t\t\t\t\t<div class=\"elementor-column elementor-col-100 elementor-top-column elementor-element elementor-element-d934067\" data-id=\"d934067\" data-element_type=\"column\">\n\t\t\t<div class=\"elementor-widget-wrap\">\n\t\t\t\t\t\t\t\t\t<\/div>\n\t\t<\/div>\n\t\t\t\t\t\t\t<\/div>\n\t\t<\/section>\n\t\t\t\t<section class=\"elementor-section elementor-top-section elementor-element elementor-element-aac8f21 elementor-section-boxed elementor-section-height-default elementor-section-height-default\" data-id=\"aac8f21\" data-element_type=\"section\">\n\t\t\t\t\t\t<div class=\"elementor-container elementor-column-gap-default\">\n\t\t\t\t\t<div class=\"elementor-column elementor-col-100 elementor-top-column elementor-element elementor-element-9fdb802\" data-id=\"9fdb802\" data-element_type=\"column\">\n\t\t\t<div class=\"elementor-widget-wrap elementor-element-populated\">\n\t\t\t\t\t\t\t\t<div class=\"elementor-element elementor-element-50b96ef elementor-widget elementor-widget-wprm-recipe\" data-id=\"50b96ef\" data-element_type=\"widget\" data-widget_type=\"wprm-recipe.default\">\n\t\t\t\t<div class=\"elementor-widget-container\">\n\t\t\t<div id=\"recipe\"><\/div><div id=\"wprm-recipe-container-23839\" class=\"wprm-recipe-container\" data-recipe-id=\"23839\" data-servings=\"8\"><div class=\"wprm-recipe wprm-recipe-template-prueba\"><div class=\"bloqueSuperiorReceta\">\n<div class=\"wprm-container-float-right\">\n    <div class=\"wprm-recipe-image wprm-block-image-rounded\"><img loading=\"lazy\" decoding=\"async\" style=\"border-width: 0px;border-style: solid;border-color: #666666;border-radius: 3px;\" width=\"250\" height=\"250\" src=\"https:\/\/www.gadis.es\/receta\/wp-content\/uploads\/2026\/04\/focaccia2-500x500.jpg\" class=\"attachment-250x250 size-250x250\" alt=\"\" srcset=\"https:\/\/www.gadis.es\/receta\/wp-content\/uploads\/2026\/04\/focaccia2-500x500.jpg 500w, https:\/\/www.gadis.es\/receta\/wp-content\/uploads\/2026\/04\/focaccia2-150x150.jpg 150w\" sizes=\"auto, (max-width: 250px) 100vw, 250px\" title=\"\"><\/div>\n<\/div>\n<h1 class=\"wprm-recipe-name wprm-block-text-bold\">Focaccia de primavera<\/h1>\n<div class=\"wprm-spacer\"><\/div>\n\n<div class=\"wprm-spacer\"><\/div>\n\n<div class=\"wprm-recipe-summary wprm-block-text-normal\"><span style=\"display: block;\">Esta focaccia de primavera \u00e9 unha forma deliciosa de celebrar a chegada do bo tempo. A s\u00faa masa esponxosa e lixeiramente crujiente por f\u00f3ra serve como base perfecta para unha decoraci\u00f3n vibrante de verduras de tempada, que achegan cor, frescura e sabor. \u00c9 unha receita tan vistosa como saborosa, ideal para compartir en comidas ao aire libre ou para dar un toque especial a calquera mesa primaveral.<\/span><\/div>\n<div class=\"wprm-recipe-block-container wprm-recipe-block-container-separate wprm-block-text-normal wprm-recipe-author-container\" style=\"\"><span class=\"wprm-recipe-details-label wprm-block-text-normal wprm-recipe-author-label\">Autor\/a: <\/span><span class=\"wprm-recipe-details wprm-recipe-author wprm-block-text-normal\"><a href=\"https:\/\/www.instagram.com\/lambonadasdegalicia\/?hl=es\" target=\"_blank\" rel=\"noopener\">Luc\u00eda Sigler - Lambonadas de galicia<\/a><\/span><\/div>\n<div class=\"wprm-recipe-meta-container wprm-recipe-custom-container wprm-recipe-details-container wprm-recipe-details-container-table wprm-block-text-normal wprm-recipe-table-borders-none wprm-recipe-table-borders-inside\" style=\"border-width: 0;border-style: dotted;border-color: #666666;\"><div class=\"wprm-recipe-block-container wprm-recipe-block-container-table wprm-block-text-normal wprm-recipe-tag-container wprm-recipe-keyword-container\" style=\"border-width: 0;border-style: dotted;border-color: #666666;\"><span class=\"wprm-recipe-details-label wprm-block-text-normal wprm-recipe-tag-label wprm-recipe-keyword-label\">Etiqueta\/s:<\/span><span class=\"wprm-recipe-keyword wprm-block-text-normal\">aperitivo, estacional, focaccia, verduras<\/span><\/div><\/div>\n<a href=\"https:\/\/www.gadis.es\/receta\/wprm_print\/23839\" style=\"color: #ffffff;background-color: #5A822B;border-color: #5A822B;border-radius: 3px;padding: 10px 5px;\" class=\"wprm-recipe-print wprm-recipe-link wprm-print-recipe-shortcode wprm-block-text-normal wprm-recipe-print-wide-button wprm-recipe-link-wide-button wprm-color-accent\" data-recipe-id=\"23839\" data-template=\"\" target=\"_blank\" rel=\"nofollow\"><span class=\"wprm-recipe-icon wprm-recipe-print-icon\"><svg width=\"16px\" height=\"16px\" viewBox=\"0 0 24 24\" version=\"1.1\" xmlns=\"http:\/\/www.w3.org\/2000\/svg\" xmlns:xlink=\"http:\/\/www.w3.org\/1999\/xlink\"><g stroke=\"none\" stroke-width=\"1\" fill=\"none\" fill-rule=\"evenodd\"><g fill=\"#ffffff\"><g><path d=\"M17.5454,0.0005 C18.2904,0.0005 18.9004,0.6105 18.9004,1.3565 L18.9004,1.3565 L18.9004,4.9445 L21.9904,4.9445 C23.0954,4.9445 24.0004,5.8485 24.0004,6.9535 L24.0004,6.9535 L24.0004,17.2415 C24.0004,18.3465 23.0954,19.2505 21.9904,19.2505 L21.9904,19.2505 L19.8414,19.2505 L19.8414,22.2795 C19.8414,23.1725 19.1104,23.9035 18.2174,23.9035 L18.2174,23.9035 L5.7834,23.9035 C4.8894,23.9035 4.1594,23.1725 4.1594,22.2795 L4.1594,22.2795 L4.1594,19.2505 L2.0104,19.2505 C0.9044,19.2505 0.0004,18.3465 0.0004,17.2415 L0.0004,17.2415 L0.0004,6.9535 C0.0004,5.8485 0.9044,4.9445 2.0104,4.9445 L2.0104,4.9445 L5.0984,4.9445 L5.0984,1.3565 C5.0984,0.6105 5.7094,0.0005 6.4554,0.0005 L6.4554,0.0005 Z M17.8414,15.5975 L6.1594,15.5975 L6.1594,21.9035 L17.8414,21.9035 L17.8414,15.5975 Z M21.9904,6.9445 L2.0104,6.9445 L2.0004,17.2415 L4.1594,17.2425 L4.1594,15.2215 C4.1594,14.3285 4.8894,13.5975 5.7834,13.5975 L5.7834,13.5975 L18.2174,13.5975 C19.1104,13.5975 19.8414,14.3285 19.8414,15.2215 L19.8414,15.2215 L19.8414,17.2495 L21.9904,17.2505 L22.0004,6.9535 L21.9904,6.9445 Z M6.1632,9.1318 C6.7902,9.1318 7.2992,9.6408 7.2992,10.2678 C7.2992,10.8948 6.7902,11.4028 6.1632,11.4028 L6.1632,11.4028 L5.0992,11.4028 C4.4722,11.4028 3.9632,10.8948 3.9632,10.2678 C3.9632,9.6408 4.4722,9.1318 5.0992,9.1318 L5.0992,9.1318 Z M16.6304,2.2715 L7.3704,2.2715 L7.3704,4.6845 L16.6304,4.6845 L16.6304,2.2715 Z\"><\/path><\/g><\/g><\/g><\/svg><\/span> Imprimir receta<\/a>\n<div class=\"wprm-spacer\"><\/div>\n\n<div class=\"wprm-spacer\" style=\"height: 25px\"><\/div>\n<div class=\"wprm-template-chic-buttons wprm-container-columns-spaced-middle wprm-container-columns-gutter\">\n\t\n\t\n    \n<\/div>\n<div class=\"wprm-spacer\" style=\"height: 55px\"><\/div>\n<\/div>\n<div class=\"wprm-icon-shortcode wprm-icon-shortcode-separate wprm-align-center wprm-icon-decoration-line\" style=\"font-size: 24px;height: 24px;\"><div class=\"wprm-decoration-line\" style=\"border-color: #e0e0e0\"><\/div><span class=\"wprm-recipe-icon\" aria-hidden=\"true\"><img decoding=\"async\" src=\"https:\/\/www.gadis.es\/receta\/wp-content\/uploads\/2023\/11\/alarm-clock_2203200-1.svg\" alt=\"\" data-pin-nopin=\"true\" title=\"\"><\/span> <div class=\"wprm-decoration-line\" style=\"border-color: #e0e0e0\"><\/div><\/div>\n<div class=\"wprm-recipe-meta-container wprm-recipe-times-container wprm-recipe-details-container wprm-recipe-details-container-table wprm-block-text-normal wprm-recipe-table-borders-none wprm-recipe-table-borders-inside\" style=\"border-width: 0;border-style: dotted;border-color: #666666;\"><div class=\"wprm-recipe-block-container wprm-recipe-block-container-table wprm-block-text-normal wprm-recipe-time-container wprm-recipe-prep-time-container\" style=\"border-width: 0;border-style: dotted;border-color: #666666;\"><span class=\"wprm-recipe-details-label wprm-block-text-uppercase-faded wprm-recipe-time-label wprm-recipe-prep-time-label\">Tiempo de preparaci\u00f3n<\/span><span class=\"wprm-recipe-time wprm-block-text-normal\"><span class=\"wprm-recipe-details wprm-recipe-details-minutes wprm-recipe-prep_time wprm-recipe-prep_time-minutes\">20<span class=\"sr-only screen-reader-text wprm-screen-reader-text\"> minutos<\/span><\/span> <span class=\"wprm-recipe-details-unit wprm-recipe-details-minutes wprm-recipe-prep_time-unit wprm-recipe-prep_timeunit-minutes\" aria-hidden=\"true\">min<\/span><\/span><\/div><div class=\"wprm-recipe-block-container wprm-recipe-block-container-table wprm-block-text-normal wprm-recipe-time-container wprm-recipe-cook-time-container\" style=\"border-width: 0;border-style: dotted;border-color: #666666;\"><span class=\"wprm-recipe-details-label wprm-block-text-uppercase-faded wprm-recipe-time-label wprm-recipe-cook-time-label\">Tiempo de cocci\u00f3n<\/span><span class=\"wprm-recipe-time wprm-block-text-normal\"><span class=\"wprm-recipe-details wprm-recipe-details-minutes wprm-recipe-cook_time wprm-recipe-cook_time-minutes\">30<span class=\"sr-only screen-reader-text wprm-screen-reader-text\"> minutos<\/span><\/span> <span class=\"wprm-recipe-details-unit wprm-recipe-details-minutes wprm-recipe-cook_time-unit wprm-recipe-cook_timeunit-minutes\" aria-hidden=\"true\">min<\/span><\/span><\/div><div class=\"wprm-recipe-block-container wprm-recipe-block-container-table wprm-block-text-normal wprm-recipe-time-container wprm-recipe-custom-time-container\" style=\"border-width: 0;border-style: dotted;border-color: #666666;\"><span class=\"wprm-recipe-details-label wprm-block-text-uppercase-faded wprm-recipe-time-label wprm-recipe-custom-time-label\">Tempo de repouso:<\/span><span class=\"wprm-recipe-time wprm-block-text-normal\"><span class=\"wprm-recipe-details wprm-recipe-details-minutes wprm-recipe-custom_time wprm-recipe-custom_time-minutes\">20<span class=\"sr-only screen-reader-text wprm-screen-reader-text\"> minutos<\/span><\/span> <span class=\"wprm-recipe-details-unit wprm-recipe-details-minutes wprm-recipe-custom_time-unit wprm-recipe-custom_timeunit-minutes\" aria-hidden=\"true\">min<\/span><\/span><\/div><div class=\"wprm-recipe-block-container wprm-recipe-block-container-table wprm-block-text-normal wprm-recipe-time-container wprm-recipe-total-time-container\" style=\"border-width: 0;border-style: dotted;border-color: #666666;\"><span class=\"wprm-recipe-details-label wprm-block-text-uppercase-faded wprm-recipe-time-label wprm-recipe-total-time-label\">Tiempo total<\/span><span class=\"wprm-recipe-time wprm-block-text-normal\"><span class=\"wprm-recipe-details wprm-recipe-details-hours wprm-recipe-total_time wprm-recipe-total_time-hours\">1<span class=\"sr-only screen-reader-text wprm-screen-reader-text\"> hora<\/span><\/span> <span class=\"wprm-recipe-details-unit wprm-recipe-details-unit-hours wprm-recipe-total_time-unit wprm-recipe-total_timeunit-hours\" aria-hidden=\"true\">h<\/span> <span class=\"wprm-recipe-details wprm-recipe-details-minutes wprm-recipe-total_time wprm-recipe-total_time-minutes\">10<span class=\"sr-only screen-reader-text wprm-screen-reader-text\"> minutos<\/span><\/span> <span class=\"wprm-recipe-details-unit wprm-recipe-details-minutes wprm-recipe-total_time-unit wprm-recipe-total_timeunit-minutes\" aria-hidden=\"true\">min<\/span><\/span><\/div><\/div>\n<div class=\"wprm-spacer\"><\/div>\n<div class=\"wprm-container-columns-spaced\">\n\t<div class=\"columna-info-izq\">\n    \t<div class=\"wprm-icon-shortcode wprm-icon-shortcode-separate wprm-align-center wprm-icon-decoration-line\" style=\"font-size: 24px;height: 24px;\"><div class=\"wprm-decoration-line\" style=\"border-color: #e0e0e0\"><\/div><span class=\"wprm-recipe-icon\" aria-hidden=\"true\"><img decoding=\"async\" src=\"https:\/\/www.gadis.es\/receta\/wp-content\/uploads\/2023\/11\/chef-hat_1041615-1.svg\" alt=\"\" data-pin-nopin=\"true\" title=\"\"><\/span> <div class=\"wprm-decoration-line\" style=\"border-color: #e0e0e0\"><\/div><\/div>\n\t\t<div class=\"wprm-recipe-meta-container wprm-recipe-custom-container wprm-recipe-details-container wprm-recipe-details-container-table wprm-block-text-normal wprm-recipe-table-borders-none wprm-recipe-table-borders-inside\" style=\"border-width: 0;border-style: dotted;border-color: #666666;\"><div class=\"wprm-recipe-block-container wprm-recipe-block-container-table wprm-block-text-normal wprm-recipe-tag-container wprm-recipe-course-container\" style=\"border-width: 0;border-style: dotted;border-color: #666666;\"><span class=\"wprm-recipe-details-label wprm-block-text-uppercase-faded wprm-recipe-tag-label wprm-recipe-course-label\">Plato <\/span><span class=\"wprm-recipe-course wprm-block-text-normal\">Aperitivo<\/span><\/div><div class=\"wprm-recipe-block-container wprm-recipe-block-container-table wprm-block-text-normal wprm-recipe-tag-container wprm-recipe-cuisine-container\" style=\"border-width: 0;border-style: dotted;border-color: #666666;\"><span class=\"wprm-recipe-details-label wprm-block-text-uppercase-faded wprm-recipe-tag-label wprm-recipe-cuisine-label\">Cocina <\/span><span class=\"wprm-recipe-cuisine wprm-block-text-normal\">Italiana<\/span><\/div><\/div>\n    <\/div>\n    <div class=\"columna-info-drch\">\n        <div class=\"wprm-icon-shortcode wprm-icon-shortcode-separate wprm-align-center wprm-icon-decoration-line\" style=\"font-size: 24px;height: 24px;\"><div class=\"wprm-decoration-line\" style=\"border-color: #e0e0e0\"><\/div><span class=\"wprm-recipe-icon\" aria-hidden=\"true\"><img decoding=\"async\" src=\"https:\/\/www.gadis.es\/receta\/wp-content\/uploads\/2023\/11\/cutlery_315576-1.svg\" alt=\"\" data-pin-nopin=\"true\" title=\"\"><\/span> <div class=\"wprm-decoration-line\" style=\"border-color: #e0e0e0\"><\/div><\/div>\n\t\t<div class=\"wprm-recipe-meta-container wprm-recipe-custom-container wprm-recipe-details-container wprm-recipe-details-container-table wprm-block-text-normal wprm-recipe-table-borders-none wprm-recipe-table-borders-inside\" style=\"border-width: 0;border-style: dotted;border-color: #666666;\"><div class=\"wprm-recipe-block-container wprm-recipe-block-container-table wprm-block-text-normal wprm-recipe-servings-container\" style=\"border-width: 0;border-style: dotted;border-color: #666666;\"><span class=\"wprm-recipe-details-label wprm-block-text-uppercase-faded wprm-recipe-servings-label\">Raciones <\/span><span class=\"wprm-recipe-servings-with-unit\"><span class=\"wprm-recipe-servings wprm-recipe-details wprm-recipe-servings-23839 wprm-recipe-servings-adjustable-tooltip wprm-block-text-normal\" data-initial-servings=\"\" data-recipe=\"23839\" aria-label=\"Adjust recipe servings\">8<\/span> <span class=\"wprm-recipe-servings-unit wprm-recipe-details-unit wprm-block-text-normal\">persoas<\/span><\/span><\/div><\/div>\n    <\/div>\n<\/div>\n<div class=\"wprm-recipe-equipment-container wprm-block-text-normal\" data-recipe=\"23839\"><h3 class=\"wprm-recipe-header wprm-recipe-equipment-header wprm-block-text-uppercase wprm-align-left wprm-header-decoration-line\" style=\"\">Equipamiento<div class=\"wprm-decoration-line\" style=\"border-color: #e0e0e0\"><\/div><\/h3><ul class=\"wprm-recipe-equipment wprm-recipe-equipment-list\"><li class=\"wprm-recipe-equipment-item\" style=\"list-style-type: disc;\"><div class=\"wprm-recipe-equipment-name\">1 Forno<\/div><\/li><li class=\"wprm-recipe-equipment-item\" style=\"list-style-type: disc;\"><div class=\"wprm-recipe-equipment-name\">1 Ola de ferro<\/div><\/li><\/ul><\/div>\n<div class=\"wprm-spacer\" style=\"height: 40px\"><\/div>\n<div class=\"wprm-recipe-ingredients-container wprm-recipe-ingredients-no-images wprm-recipe-23839-ingredients-container wprm-block-text-normal wprm-ingredient-style-regular wprm-recipe-images-before\" data-recipe=\"23839\" data-servings=\"8\"><h3 class=\"wprm-recipe-header wprm-recipe-ingredients-header wprm-block-text-uppercase wprm-align-left wprm-header-decoration-line wprm-header-has-actions wprm-header-has-actions\" style=\"\">Ingredientes<div class=\"wprm-decoration-line\" style=\"border-color: #e0e0e0\"><\/div>&nbsp;&nbsp;<div class=\"wprm-recipe-adjustable-servings-container wprm-recipe-adjustable-servings-23839-container wprm-toggle-container wprm-block-text-normal\" data-initial-servings=\"\" style=\"background-color: #ffffff;border-color: #616161;color: #616161;border-radius: 3px;\"><button href=\"#\" class=\"wprm-recipe-adjustable-servings wprm-toggle wprm-toggle-active\" data-multiplier=\"1\" data-servings=\"8\" data-recipe=\"23839\" style=\"background-color: #616161;color: #ffffff;\" aria-label=\"Adjust servings by 1x\">1x<\/button><button href=\"#\" class=\"wprm-recipe-adjustable-servings wprm-toggle\" data-multiplier=\"2\" data-servings=\"8\" data-recipe=\"23839\" style=\"background-color: #616161;color: #ffffff;border-left: 1px solid #616161;\" aria-label=\"Adjust servings by 2x\">2x<\/button><button href=\"#\" class=\"wprm-recipe-adjustable-servings wprm-toggle\" data-multiplier=\"3\" data-servings=\"8\" data-recipe=\"23839\" style=\"background-color: #616161;color: #ffffff;border-left: 1px solid #616161;\" aria-label=\"Adjust servings by 3x\">3x<\/button><\/div><\/h3><div class=\"wprm-recipe-ingredient-group\"><ul class=\"wprm-recipe-ingredients\"><li class=\"wprm-recipe-ingredient\" style=\"list-style-type: disc;\" data-uid=\"0\"><span class=\"wprm-recipe-ingredient-amount\">500<\/span>&#32;<span class=\"wprm-recipe-ingredient-unit\">g<\/span>&#32;<span class=\"wprm-recipe-ingredient-name\">fari\u00f1a de forza<\/span><\/li><li class=\"wprm-recipe-ingredient\" style=\"list-style-type: disc;\" data-uid=\"1\"><span class=\"wprm-recipe-ingredient-amount\">340<\/span>&#32;<span class=\"wprm-recipe-ingredient-unit\">g<\/span>&#32;<span class=\"wprm-recipe-ingredient-name\">auga<\/span><\/li><li class=\"wprm-recipe-ingredient\" style=\"list-style-type: disc;\" data-uid=\"2\"><span class=\"wprm-recipe-ingredient-amount\">25<\/span>&#32;<span class=\"wprm-recipe-ingredient-unit\">g<\/span>&#32;<span class=\"wprm-recipe-ingredient-name\">fermento fresco<\/span><\/li><li class=\"wprm-recipe-ingredient\" style=\"list-style-type: disc;\" data-uid=\"3\"><span class=\"wprm-recipe-ingredient-amount\">10<\/span>&#32;<span class=\"wprm-recipe-ingredient-unit\">g<\/span>&#32;<span class=\"wprm-recipe-ingredient-name\">sal<\/span><\/li><li class=\"wprm-recipe-ingredient\" style=\"list-style-type: disc;\" data-uid=\"4\"><span class=\"wprm-recipe-ingredient-amount\">2<\/span>&#32;<span class=\"wprm-recipe-ingredient-unit\">cdas<\/span>&#32;<span class=\"wprm-recipe-ingredient-name\">aceite de oliva<\/span><\/li><li class=\"wprm-recipe-ingredient\" style=\"list-style-type: disc;\" data-uid=\"5\"><span class=\"wprm-recipe-ingredient-amount\">100<\/span>&#32;<span class=\"wprm-recipe-ingredient-unit\">g<\/span>&#32;<span class=\"wprm-recipe-ingredient-name\">verduras de colores.<\/span>&#32;<span class=\"wprm-recipe-ingredient-notes wprm-recipe-ingredient-notes-faded\">Cebola morada, pemento, esp\u00e1rragos e cherries.<\/span><\/li><\/ul><\/div><\/div>\n<div class=\"wprm-spacer\" style=\"height: 40px\"><\/div>\n<div class=\"wprm-recipe-instructions-container wprm-recipe-23839-instructions-container wprm-block-text-normal\" data-recipe=\"23839\"><h3 class=\"wprm-recipe-header wprm-recipe-instructions-header wprm-block-text-uppercase wprm-align-left wprm-header-decoration-line wprm-header-has-actions\" style=\"\">Elaboraci\u00f3n paso a paso<div class=\"wprm-decoration-line\" style=\"border-color: #e0e0e0\"><\/div>&nbsp;<\/h3><div class=\"wprm-recipe-instruction-group\"><ul class=\"wprm-recipe-instructions\"><li id=\"wprm-recipe-23839-step-0-0\" class=\"wprm-recipe-instruction\" style=\"list-style-type: decimal;\"><div class=\"wprm-recipe-instruction-text\" style=\"margin-bottom: 5px\";><span style=\"display: block;\">Nun bol disolvemos o fermento en auga morna con azucre.<\/span><\/div><\/li><li id=\"wprm-recipe-23839-step-0-1\" class=\"wprm-recipe-instruction\" style=\"list-style-type: decimal;\"><div class=\"wprm-recipe-instruction-text\" style=\"margin-bottom: 5px\";><span style=\"display: block;\">Engadimos a\u00a0fari\u00f1a, o aceite e o sal e amasamos.\u00a0<\/span><\/div><\/li><li id=\"wprm-recipe-23839-step-0-2\" class=\"wprm-recipe-instruction\" style=\"list-style-type: decimal;\"><div class=\"wprm-recipe-instruction-text\" style=\"margin-bottom: 5px\";><span style=\"display: block;\">Tapamos e deixamos repousar ata que dobre o volume.<\/span><\/div><\/li><li id=\"wprm-recipe-23839-step-0-3\" class=\"wprm-recipe-instruction\" style=\"list-style-type: decimal;\"><div class=\"wprm-recipe-instruction-text\" style=\"margin-bottom: 5px\";><span style=\"display: block;\">Volvemos amasar para\u00a0desgasificala\u00a0e facemos unha b\u00f3la.<\/span><\/div><\/li><li id=\"wprm-recipe-23839-step-0-4\" class=\"wprm-recipe-instruction\" style=\"list-style-type: decimal;\"><div class=\"wprm-recipe-instruction-text\" style=\"margin-bottom: 5px\";><span style=\"display: block;\">Collemos a nosa bandexa ou, no meu caso, unha pota de ferro e enzouf\u00e1mola con aceite.\u00a0<\/span><\/div><\/li><li id=\"wprm-recipe-23839-step-0-5\" class=\"wprm-recipe-instruction\" style=\"list-style-type: decimal;\"><div class=\"wprm-recipe-instruction-text\" style=\"margin-bottom: 5px\";><span style=\"display: block;\">Po\u00f1emos a\u00a0masa no centro e estir\u00e1mola lixeiramente ata ocupar toda a superficie da pota.<\/span><\/div><\/li><li id=\"wprm-recipe-23839-step-0-6\" class=\"wprm-recipe-instruction\" style=\"list-style-type: decimal;\"><div class=\"wprm-recipe-instruction-text\" style=\"margin-bottom: 5px\";><span style=\"display: block;\">Deixamos que\u00a0dobre o volume e, mentres, cortamos as verduras e decidimos un pouco o dese\u00f1o da focaccia.<\/span><\/div><\/li><li id=\"wprm-recipe-23839-step-0-7\" class=\"wprm-recipe-instruction\" style=\"list-style-type: decimal;\"><div class=\"wprm-recipe-instruction-text\" style=\"margin-bottom: 5px\";><span style=\"display: block;\">Eu cortei o pemento amarelo para facer p\u00e9talos de flor, cherrys \u00e1 metade para facer unhas flores m\u00e1is pequenas e a cebola en rodas de 1,5 cm aprox. Os esp\u00e1rragos verdes corteinos m\u00e1is pequenos para facer un pouco m\u00e1is de c\u00e9spede.<\/span><\/div><\/li><li id=\"wprm-recipe-23839-step-0-8\" class=\"wprm-recipe-instruction\" style=\"list-style-type: decimal;\"><div class=\"wprm-recipe-instruction-text\" style=\"margin-bottom: 5px\";><span style=\"display: block;\">Prequentamos o forno\u00a0a 200 \u00baC.<\/span><\/div><\/li><li id=\"wprm-recipe-23839-step-0-9\" class=\"wprm-recipe-instruction\" style=\"list-style-type: decimal;\"><div class=\"wprm-recipe-instruction-text\" style=\"margin-bottom: 5px\";><span style=\"display: block;\">Cando xa medrou un pouco, colocamos as verduras sobre a masa, po\u00f1emos a tapa da pota e metemos no forno uns 15 minutos.<\/span><\/div><\/li><li id=\"wprm-recipe-23839-step-0-10\" class=\"wprm-recipe-instruction\" style=\"list-style-type: decimal;\"><div class=\"wprm-recipe-instruction-text\" style=\"margin-bottom: 5px\";><span style=\"display: block;\">Pasado este tempo, retiramos a tapa para que se\u00a0doure por enriba\u00a0(se o fas nunha bandexa, igual tes que po\u00f1er un pouco de papel de aluminio para que non se queime).<\/span><\/div><\/li><li id=\"wprm-recipe-23839-step-0-11\" class=\"wprm-recipe-instruction\" style=\"list-style-type: decimal;\"><div class=\"wprm-recipe-instruction-text\" style=\"margin-bottom: 5px\";><span style=\"display: block;\">Sacamos do forno e a desfrutar. Podedes comela tal cal ou reenchela co que vos guste.<\/span><\/div><\/li><\/ul><\/div><\/div>\n<div class=\"wprm-spacer\" style=\"height: 40px\"><\/div>\n\n\n\n<\/div><\/div>\t\t<\/div>\n\t\t\t\t<\/div>\n\t\t\t\t\t<\/div>\n\t\t<\/div>\n\t\t\t\t\t\t\t<\/div>\n\t\t<\/section>\n\t\t\t\t\t\t\t<\/div>\n\t\t","protected":false},"excerpt":{"rendered":"<p>&nbsp; Esta focaccia de primavera \u00e9 unha forma deliciosa de celebrar a chegada do bo tempo. A s\u00faa masa esponxosa e lixeiramente crujiente por f\u00f3ra serve como base perfecta para unha decoraci\u00f3n vibrante de verduras de tempada, que achegan cor, frescura e sabor. \u00c9 unha receita tan vistosa como saborosa, ideal para compartir en comidas [&hellip;]<\/p>\n","protected":false},"author":2,"featured_media":23836,"comment_status":"closed","ping_status":"open","sticky":false,"template":"elementor_header_footer","format":"standard","meta":{"wprm-recipe-roundup-name":"","wprm-recipe-roundup-description":"","wpupg_custom_link":[],"wpupg_custom_link_behaviour":["default"],"wpupg_custom_image":[],"wpupg_custom_image_id":[],"footnotes":""},"categories":[126],"tags":[],"class_list":["post-23849","post","type-post","status-publish","format-standard","has-post-thumbnail","hentry","category-sin-categoria-gl"],"_links":{"self":[{"href":"https:\/\/www.gadis.es\/receta\/wp-json\/wp\/v2\/posts\/23849","targetHints":{"allow":["GET"]}}],"collection":[{"href":"https:\/\/www.gadis.es\/receta\/wp-json\/wp\/v2\/posts"}],"about":[{"href":"https:\/\/www.gadis.es\/receta\/wp-json\/wp\/v2\/types\/post"}],"author":[{"embeddable":true,"href":"https:\/\/www.gadis.es\/receta\/wp-json\/wp\/v2\/users\/2"}],"replies":[{"embeddable":true,"href":"https:\/\/www.gadis.es\/receta\/wp-json\/wp\/v2\/comments?post=23849"}],"version-history":[{"count":4,"href":"https:\/\/www.gadis.es\/receta\/wp-json\/wp\/v2\/posts\/23849\/revisions"}],"predecessor-version":[{"id":23854,"href":"https:\/\/www.gadis.es\/receta\/wp-json\/wp\/v2\/posts\/23849\/revisions\/23854"}],"wp:featuredmedia":[{"embeddable":true,"href":"https:\/\/www.gadis.es\/receta\/wp-json\/wp\/v2\/media\/23836"}],"wp:attachment":[{"href":"https:\/\/www.gadis.es\/receta\/wp-json\/wp\/v2\/media?parent=23849"}],"wp:term":[{"taxonomy":"category","embeddable":true,"href":"https:\/\/www.gadis.es\/receta\/wp-json\/wp\/v2\/categories?post=23849"},{"taxonomy":"post_tag","embeddable":true,"href":"https:\/\/www.gadis.es\/receta\/wp-json\/wp\/v2\/tags?post=23849"}],"curies":[{"name":"wp","href":"https:\/\/api.w.org\/{rel}","templated":true}]}}