{"id":5171,"date":"2026-04-30T15:12:56","date_gmt":"2026-04-30T15:12:56","guid":{"rendered":"https:\/\/www.gadis.es\/compartimoslasrecetas\/?p=5171"},"modified":"2026-04-30T15:12:56","modified_gmt":"2026-04-30T15:12:56","slug":"tarta-de-queso-sin-horno","status":"publish","type":"post","link":"https:\/\/www.gadis.es\/compartimoslasrecetas\/tarta-de-queso-sin-horno\/","title":{"rendered":"Tarta de queso sin horno"},"content":{"rendered":"\t\t<div data-elementor-type=\"wp-post\" data-elementor-id=\"5171\" class=\"elementor elementor-5171\">\n\t\t\t\t<div class=\"elementor-element elementor-element-be199a9 e-flex e-con-boxed e-con e-parent\" data-id=\"be199a9\" data-element_type=\"container\" data-e-type=\"container\">\n\t\t\t\t\t<div class=\"e-con-inner\">\n\t\t\t\t<div class=\"elementor-element elementor-element-ff858d3 elementor-widget elementor-widget-wprm-recipe\" data-id=\"ff858d3\" data-element_type=\"widget\" data-e-type=\"widget\" data-widget_type=\"wprm-recipe.default\">\n\t\t\t\t<div class=\"elementor-widget-container\">\n\t\t\t\t\t<div id=\"recipe\"><\/div><div id=\"wprm-recipe-container-4475\" class=\"wprm-recipe-container\" data-recipe-id=\"4475\" data-servings=\"10\"><div class=\"wprm-recipe wprm-recipe-template-receta\"><div class=\"wprm-layout-container cabecera\">\n<div class=\"wprm-image wprm-block-image-normal\"><img decoding=\"async\" style=\"border-width: 0px;border-style: solid;border-color: #666666;width: 290px;max-width: 100%;height: 80px;object-fit: cover;\" width=\"1\" height=\"1\" src=\"https:\/\/www.gadis.es\/compartimoslasrecetas\/wp-content\/uploads\/2026\/02\/LOGO-5.svg\" class=\"attachment-290x80 size-290x80\" alt=\"\"><\/div>\n<div class=\"wprm-image wprm-block-image-normal\"><img decoding=\"async\" style=\"border-width: 0px;border-style: solid;border-color: #666666;\" src=\"https:\/\/www.gadis.es\/compartimoslasrecetas\/wp-content\/uploads\/2026\/02\/divider.svg\" class=\"attachment-x8! size-x8!\" alt=\"\"><\/div>\n\n\n\n<\/div>\n\n\n\n\n\n\n\n\n<div class=\"wprm-layout-container enlace-ver-mas\">\n<a href=\"https:\/\/www.gadis.es\/compartimoslasrecetas\/explorar-recetas\/\" target=\"_self\" class=\"wprm-link wprm-recipe-link wprm-block-text-normal\" rel=\"nofollow\" style=\"color: #222221;\"><span class=\"wprm-recipe-icon wprm-recipe-link-icon\"><img decoding=\"async\" src=\"https:\/\/www.gadis.es\/compartimoslasrecetas\/wp-content\/uploads\/2026\/02\/Ver-mas-recetas-e1772014591689.png\" alt=\"\" data-pin-nopin=\"true\"><\/span> Ver m\u00e1s recetas<\/a>\n\n<\/div>\n<div class=\"wprm-layout-container titulo-movil\">\n<div class=\"wprm-recipe-name wprm-block-text-bold\">Tarta de queso sin horno<\/div>\n<div class=\"wprm-recipe-block-container wprm-recipe-block-container-separate wprm-block-text-normal wprm-recipe-author-container\" style=\"\"><span class=\"wprm-recipe-details-label wprm-block-text-normal wprm-recipe-author-label\">por: <\/span><span class=\"wprm-recipe-details wprm-recipe-author wprm-block-text-normal\">Concepci\u00f3n Iglesias<\/span><\/div>\n\n<\/div>\n\n\n<div class=\"wprm-layout-column-container wprm-align-bottom info-receta\">\n<div class=\"wprm-layout-column wprm-column-width-50 info-izquierda\">\n\n<div class=\"wprm-layout-container contenedor-info\">\n<h1 class=\"wprm-recipe-name wprm-block-text-bold\">Tarta de queso sin horno<\/h1>\n\n<div class=\"wprm-layout-container autor-sumario\">\n<div class=\"wprm-recipe-block-container wprm-recipe-block-container-separate wprm-block-text-normal wprm-recipe-author-container\" style=\"\"><span class=\"wprm-recipe-details-label wprm-block-text-normal wprm-recipe-author-label\">por: <\/span><span class=\"wprm-recipe-details wprm-recipe-author wprm-block-text-normal\">Concepci\u00f3n Iglesias<\/span><\/div>\n\n<div class=\"wprm-recipe-summary wprm-block-text-normal\">Es la receta de mi abuela y la seguimos haciendo ya que nos encanta y es s\u00faper f\u00e1cil y nos recuerda ahora que ella ya no est\u00e1 eses fines de semana que \u00edbamos a su casa y nos reun\u00edamos todos<\/div>\n\n<\/div>\n\n\n\n\n\n\n<\/div>\n\n\n\n\n<\/div>\n\n<div class=\"wprm-layout-column wprm-column-width-25\">\n<div class=\"wprm-recipe-image wprm-block-image-normal\"><img fetchpriority=\"high\" decoding=\"async\" style=\"border-width: 0px;border-style: solid;border-color: #666666;\" width=\"1536\" height=\"1024\" src=\"https:\/\/www.gadis.es\/compartimoslasrecetas\/wp-content\/uploads\/2026\/04\/Copilot_20260429_101118.png\" class=\"attachment- size-\" alt=\"\" srcset=\"https:\/\/www.gadis.es\/compartimoslasrecetas\/wp-content\/uploads\/2026\/04\/Copilot_20260429_101118.png 1536w, https:\/\/www.gadis.es\/compartimoslasrecetas\/wp-content\/uploads\/2026\/04\/Copilot_20260429_101118-300x200.png 300w, https:\/\/www.gadis.es\/compartimoslasrecetas\/wp-content\/uploads\/2026\/04\/Copilot_20260429_101118-1024x683.png 1024w, https:\/\/www.gadis.es\/compartimoslasrecetas\/wp-content\/uploads\/2026\/04\/Copilot_20260429_101118-768x512.png 768w\" sizes=\"(max-width: 1536px) 100vw, 1536px\"><\/div>\n<\/div>\n\n\n<\/div>\n\n<div class=\"wprm-layout-container\">\n<div class=\"wprm-image wprm-block-image-normal\"><img decoding=\"async\" style=\"border-width: 0px;border-style: solid;border-color: #666666;\" src=\"https:\/\/www.gadis.es\/compartimoslasrecetas\/wp-content\/uploads\/2026\/02\/divider.svg\" class=\"attachment-x8! size-x8!\" alt=\"\"><\/div>\n<div class=\"wprm-layout-column-container wprm-align-middle datos-receta\">\n<div class=\"wprm-layout-column wprm-column-width-25\">\n<div class=\"wprm-recipe-block-container wprm-recipe-block-container-separated wprm-block-text-normal wprm-recipe-tag-container wprm-recipe-course-container\" style=\"\"><span class=\"wprm-recipe-details-label wprm-block-text-normal wprm-recipe-tag-label wprm-recipe-course-label\">Categor\u00eda <\/span><span class=\"wprm-recipe-course wprm-block-text-normal\">Postres y dulces<\/span><\/div>\n\n<\/div>\n<div class=\"wprm-layout-column wprm-column-width-25\">\n<div class=\"wprm-recipe-block-container wprm-recipe-block-container-separated wprm-block-text-normal wprm-recipe-servings-container\" style=\"\"><span class=\"wprm-recipe-details-label wprm-block-text-normal wprm-recipe-servings-label\">Comensales <\/span><span class=\"wprm-recipe-servings-with-unit\"><span class=\"wprm-recipe-servings wprm-recipe-details wprm-recipe-servings-4475 wprm-recipe-servings-adjustable-text-buttons wprm-block-text-normal\" data-recipe=\"4475\" aria-label=\"Adjust recipe servings\" data-button-background=\"#333333\" data-button-accent=\"#ffffff\" data-button-radius=\"3px\">10<\/span> <span class=\"wprm-recipe-servings-unit wprm-recipe-details-unit wprm-block-text-normal\">personas<\/span><\/span><\/div>\n\n<\/div>\n<div class=\"wprm-layout-column wprm-column-width-25 elaboracion\">\n<div class=\"wprm-recipe-block-container wprm-recipe-block-container-separated wprm-block-text-normal wprm-recipe-time-container wprm-recipe-prep-time-container\" style=\"\"><span class=\"wprm-recipe-details-label wprm-block-text-normal wprm-recipe-time-label wprm-recipe-prep-time-label\">Tiempo de elaboraci\u00f3n <\/span><span class=\"wprm-recipe-time wprm-block-text-normal\"><span class=\"wprm-recipe-details wprm-recipe-details-minutes wprm-recipe-prep_time wprm-recipe-prep_time-minutes\">30<span class=\"sr-only screen-reader-text wprm-screen-reader-text\"> minutos<\/span><\/span> <span class=\"wprm-recipe-details-unit wprm-recipe-details-minutes wprm-recipe-prep_time-unit wprm-recipe-prep_timeunit-minutes\" aria-hidden=\"true\">minutos<\/span><\/span><\/div>\n\n<\/div>\n<div class=\"wprm-layout-column wprm-column-width-25\">\n<div class=\"wprm-recipe-block-container wprm-recipe-block-container-separated wprm-block-text-normal wprm-recipe-time-container wprm-recipe-cook-time-container\" style=\"\"><span class=\"wprm-recipe-details-label wprm-block-text-normal wprm-recipe-time-label wprm-recipe-cook-time-label\">Tiempo de cocci\u00f3n <\/span><span class=\"wprm-recipe-time wprm-block-text-normal\"><span class=\"wprm-recipe-details wprm-recipe-details-hours wprm-recipe-cook_time wprm-recipe-cook_time-hours\">1<span class=\"sr-only screen-reader-text wprm-screen-reader-text\"> hora<\/span><\/span> <span class=\"wprm-recipe-details-unit wprm-recipe-details-unit-hours wprm-recipe-cook_time-unit wprm-recipe-cook_timeunit-hours\" aria-hidden=\"true\">hora<\/span><\/span><\/div>\n<\/div>\n<\/div>\n<div class=\"wprm-image wprm-block-image-normal\"><img decoding=\"async\" style=\"border-width: 0px;border-style: solid;border-color: #666666;\" src=\"https:\/\/www.gadis.es\/compartimoslasrecetas\/wp-content\/uploads\/2026\/02\/divider-3.svg\" class=\"attachment-x8! size-x8!\" alt=\"\"><\/div>\n\n\n<\/div>\n<div class=\"wprm-layout-column-container contenido-receta\">\n<div class=\"wprm-layout-column wprm-column-width-33 ingredientes\">\n<div id=\"recipe-4475-ingredients\" class=\"wprm-recipe-ingredients-container wprm-recipe-ingredients-no-images wprm-recipe-4475-ingredients-container wprm-block-text-normal wprm-ingredient-style-regular wprm-recipe-images-before\" data-recipe=\"4475\" data-servings=\"10\"><h2 class=\"wprm-recipe-header wprm-recipe-ingredients-header wprm-block-text-bold wprm-align-left wprm-header-decoration-none\" style=\"\">Ingredientes:<\/h2><div class=\"wprm-recipe-ingredient-group\"><ul class=\"wprm-recipe-ingredients\"><li class=\"wprm-recipe-ingredient\" style=\"list-style-type: disc;\" data-uid=\"2\"><span class=\"wprm-recipe-ingredient-amount\">400<\/span>&#32;<span class=\"wprm-recipe-ingredient-unit\">mililitros<\/span>&#32;<span class=\"wprm-recipe-ingredient-name\">de nata para cocinar<\/span><\/li><li class=\"wprm-recipe-ingredient\" style=\"list-style-type: disc;\" data-uid=\"3\"><span class=\"wprm-recipe-ingredient-amount\">1<\/span>&#32;<span class=\"wprm-recipe-ingredient-unit\">lata<\/span>&#32;<span class=\"wprm-recipe-ingredient-name\">de pi\u00f1a en alm\u00edbar grande<\/span><\/li><li class=\"wprm-recipe-ingredient\" style=\"list-style-type: disc;\" data-uid=\"4\"><span class=\"wprm-recipe-ingredient-amount\">150<\/span>&#32;<span class=\"wprm-recipe-ingredient-unit\">gramos<\/span>&#32;<span class=\"wprm-recipe-ingredient-name\">de az\u00facar<\/span><\/li><li class=\"wprm-recipe-ingredient\" style=\"list-style-type: disc;\" data-uid=\"5\"><span class=\"wprm-recipe-ingredient-amount\">4<\/span>&#32;<span class=\"wprm-recipe-ingredient-unit\">hojas<\/span>&#32;<span class=\"wprm-recipe-ingredient-name\">de gelatina<\/span><\/li><li class=\"wprm-recipe-ingredient\" style=\"list-style-type: disc;\" data-uid=\"6\"><span class=\"wprm-recipe-ingredient-name\">Sobaos pasiegos o bizcochos de soletilla<\/span><\/li><li class=\"wprm-recipe-ingredient\" style=\"list-style-type: disc;\" data-uid=\"7\"><span class=\"wprm-recipe-ingredient-name\">Caramelo l\u00edquido.<\/span>&#32;<span class=\"wprm-recipe-ingredient-notes wprm-recipe-ingredient-notes-normal\">Preferiblemente hecho en casa<\/span><\/li><li class=\"wprm-recipe-ingredient\" style=\"list-style-type: disc;\" data-uid=\"8\"><span class=\"wprm-recipe-ingredient-amount\">3<\/span>&#32;<span class=\"wprm-recipe-ingredient-unit\">tarrinas<\/span>&#32;<span class=\"wprm-recipe-ingredient-name\">peque\u00f1as de queso mascarpone <\/span><\/li><li class=\"wprm-recipe-ingredient\" style=\"list-style-type: disc;\" data-uid=\"9\"><span class=\"wprm-recipe-ingredient-amount\">2<\/span>&#32;<span class=\"wprm-recipe-ingredient-name\">Yogures naturales<\/span><\/li><li class=\"wprm-recipe-ingredient\" style=\"list-style-type: disc;\" data-uid=\"10\"><span class=\"wprm-recipe-ingredient-amount\">5<\/span>&#32;<span class=\"wprm-recipe-ingredient-name\">quesitos<\/span><\/li><li class=\"wprm-recipe-ingredient\" style=\"list-style-type: disc;\" data-uid=\"11\"><span class=\"wprm-recipe-ingredient-amount\">1\/2<\/span>&#32;<span class=\"wprm-recipe-ingredient-unit\">vaso<\/span>&#32;<span class=\"wprm-recipe-ingredient-name\">de leche condensada<\/span><\/li><\/ul><\/div><\/div>\n<div class=\"wprm-image wprm-block-image-normal\"><img decoding=\"async\" style=\"border-width: 0px;border-style: solid;border-color: #666666;\" src=\"https:\/\/www.gadis.es\/compartimoslasrecetas\/wp-content\/uploads\/2026\/02\/divider-1.svg\" class=\"attachment-x8! size-x8!\" alt=\"\"><\/div>\n<\/div>\n<div class=\"wprm-layout-column wprm-column-width-66 preparacion\">\n<div class=\"wprm-image wprm-block-image-normal\"><img decoding=\"async\" style=\"border-width: 0px;border-style: solid;border-color: #666666;\" src=\"https:\/\/www.gadis.es\/compartimoslasrecetas\/wp-content\/uploads\/2026\/02\/divider-3.svg\" class=\"attachment-x8! size-x8!\" alt=\"\"><\/div>\n<div id=\"recipe-4475-instructions\" class=\"wprm-recipe-instructions-container wprm-recipe-4475-instructions-container wprm-block-text-normal\" data-recipe=\"4475\"><h2 class=\"wprm-recipe-header wprm-recipe-instructions-header wprm-block-text-bold wprm-align-left wprm-header-decoration-none\" style=\"\">Preparaci\u00f3n:<\/h2><div class=\"wprm-recipe-instruction-group\"><ul class=\"wprm-recipe-instructions\"><li id=\"wprm-recipe-4475-step-0-0\" class=\"wprm-recipe-instruction\" style=\"list-style-type: none;margin-left: 0px;\"><div class=\"wprm-recipe-instruction-text\"><span style=\"display: block;\">Prepara la base de la tarta. En un molde rectangular, extiende el caramelo l\u00edquido de manera que cubra toda la base del molde. Sigue colocando las rodajas de pi\u00f1a sobre el caramelo.<\/span><\/div><\/li><li id=\"wprm-recipe-4475-step-0-1\" class=\"wprm-recipe-instruction\" style=\"list-style-type: none;margin-left: 0px;\"><div class=\"wprm-recipe-instruction-text\"><span style=\"display: block;\">Cocina la mezcla. En una olla a\u00f1adimos la nata, el az\u00facar y el agua de la pi\u00f1a. Lo llevamos al fuego y removemos hasta que tome temperatura, pero sin que llegue a hervir, y retiramos. A\u00f1adimos la gelatina y la disolvemos bien; una vez bien disuelta, incorporamos el resto de ingredientes, batimos y mezclamos bien.<\/span><\/div><\/li><li id=\"wprm-recipe-4475-step-0-2\" class=\"wprm-recipe-instruction\" style=\"list-style-type: none;margin-left: 0px;\"><div class=\"wprm-recipe-instruction-text\"><span style=\"display: block;\">Monta la tarta. Vertemos la mezcla en el molde y colocamos sobaos sobre ella. Llevamos el pastel a la nevera y lo dejamos reposar durante toda la noche.<\/span><\/div><\/li><li id=\"wprm-recipe-4475-step-0-3\" class=\"wprm-recipe-instruction\" style=\"list-style-type: none;margin-left: 0px;\"><div class=\"wprm-recipe-instruction-text\"><span style=\"display: block;\">Pasado el tiempo de reposo, desmoldamos y ya podemos servir.<\/span><\/div><\/li><\/ul><\/div><\/div>\n<\/div>\n<\/div>\n\n<script>\n  document.addEventListener(\"DOMContentLoaded\", function () {\n    const img = document.querySelector(\".cabecera .wprm-image:first-child\");\n  \n    const enlace = document.createElement(\"a\");\n    enlace.href = \"\/compartimoslasrecetas\/\";\n    enlace.target = \"_self\";\n  \n    img.parentNode.insertBefore(enlace, img);\n    enlace.appendChild(img);\n  });\n<\/script><\/div><\/div>\t\t\t\t<\/div>\n\t\t\t\t<\/div>\n\t\t\t\t\t<\/div>\n\t\t\t\t<\/div>\n\t\t\t\t<\/div>\n\t\t","protected":false},"excerpt":{"rendered":"<p>Es la receta de mi abuela y la seguimos haciendo ya que nos encanta y es s\u00faper f\u00e1cil y nos recuerda ahora que ella ya no est\u00e1 eses fines de semana que \u00edbamos a su casa y nos reun\u00edamos todos<\/p>\n","protected":false},"author":1,"featured_media":0,"comment_status":"closed","ping_status":"closed","sticky":false,"template":"","format":"standard","meta":{"wprm-recipe-roundup-name":"","wprm-recipe-roundup-description":"","footnotes":""},"categories":[1],"tags":[],"class_list":["post-5171","post","type-post","status-publish","format-standard","hentry","category-uncategorized"],"_links":{"self":[{"href":"https:\/\/www.gadis.es\/compartimoslasrecetas\/wp-json\/wp\/v2\/posts\/5171","targetHints":{"allow":["GET"]}}],"collection":[{"href":"https:\/\/www.gadis.es\/compartimoslasrecetas\/wp-json\/wp\/v2\/posts"}],"about":[{"href":"https:\/\/www.gadis.es\/compartimoslasrecetas\/wp-json\/wp\/v2\/types\/post"}],"author":[{"embeddable":true,"href":"https:\/\/www.gadis.es\/compartimoslasrecetas\/wp-json\/wp\/v2\/users\/1"}],"replies":[{"embeddable":true,"href":"https:\/\/www.gadis.es\/compartimoslasrecetas\/wp-json\/wp\/v2\/comments?post=5171"}],"version-history":[{"count":4,"href":"https:\/\/www.gadis.es\/compartimoslasrecetas\/wp-json\/wp\/v2\/posts\/5171\/revisions"}],"predecessor-version":[{"id":5175,"href":"https:\/\/www.gadis.es\/compartimoslasrecetas\/wp-json\/wp\/v2\/posts\/5171\/revisions\/5175"}],"wp:attachment":[{"href":"https:\/\/www.gadis.es\/compartimoslasrecetas\/wp-json\/wp\/v2\/media?parent=5171"}],"wp:term":[{"taxonomy":"category","embeddable":true,"href":"https:\/\/www.gadis.es\/compartimoslasrecetas\/wp-json\/wp\/v2\/categories?post=5171"},{"taxonomy":"post_tag","embeddable":true,"href":"https:\/\/www.gadis.es\/compartimoslasrecetas\/wp-json\/wp\/v2\/tags?post=5171"}],"curies":[{"name":"wp","href":"https:\/\/api.w.org\/{rel}","templated":true}]}}