{"id":4717,"date":"2026-04-29T15:03:54","date_gmt":"2026-04-29T15:03:54","guid":{"rendered":"https:\/\/www.gadis.es\/compartimoslasrecetas\/?p=4717"},"modified":"2026-04-29T15:03:54","modified_gmt":"2026-04-29T15:03:54","slug":"filetes-de-salmon-al-horno-con-costra-de-almendra-y-un-pure-de-coliflor","status":"publish","type":"post","link":"https:\/\/www.gadis.es\/compartimoslasrecetas\/filetes-de-salmon-al-horno-con-costra-de-almendra-y-un-pure-de-coliflor\/","title":{"rendered":"Filetes de salm\u00f3n al horno con costra de almendra y un pur\u00e9 de coliflor"},"content":{"rendered":"\t\t<div data-elementor-type=\"wp-post\" data-elementor-id=\"4717\" class=\"elementor elementor-4717\">\n\t\t\t\t<div class=\"elementor-element elementor-element-54ee94a e-flex e-con-boxed e-con e-parent\" data-id=\"54ee94a\" data-element_type=\"container\" data-e-type=\"container\">\n\t\t\t\t\t<div class=\"e-con-inner\">\n\t\t\t\t<div class=\"elementor-element elementor-element-3521af4 elementor-widget elementor-widget-wprm-recipe\" data-id=\"3521af4\" data-element_type=\"widget\" data-e-type=\"widget\" data-widget_type=\"wprm-recipe.default\">\n\t\t\t\t<div class=\"elementor-widget-container\">\n\t\t\t\t\t<div id=\"recipe\"><\/div><div id=\"wprm-recipe-container-4039\" class=\"wprm-recipe-container\" data-recipe-id=\"4039\" data-servings=\"2\"><div class=\"wprm-recipe wprm-recipe-template-receta\"><div class=\"wprm-layout-container cabecera\">\n<div class=\"wprm-image wprm-block-image-normal\"><img decoding=\"async\" style=\"border-width: 0px;border-style: solid;border-color: #666666;width: 290px;max-width: 100%;height: 80px;object-fit: cover;\" width=\"1\" height=\"1\" src=\"https:\/\/www.gadis.es\/compartimoslasrecetas\/wp-content\/uploads\/2026\/02\/LOGO-5.svg\" class=\"attachment-290x80 size-290x80\" alt=\"\"><\/div>\n<div class=\"wprm-image wprm-block-image-normal\"><img decoding=\"async\" style=\"border-width: 0px;border-style: solid;border-color: #666666;\" src=\"https:\/\/www.gadis.es\/compartimoslasrecetas\/wp-content\/uploads\/2026\/02\/divider.svg\" class=\"attachment-x8! size-x8!\" alt=\"\"><\/div>\n\n\n\n<\/div>\n\n\n\n\n\n\n\n\n<div class=\"wprm-layout-container enlace-ver-mas\">\n<a href=\"https:\/\/www.gadis.es\/compartimoslasrecetas\/explorar-recetas\/\" target=\"_self\" class=\"wprm-link wprm-recipe-link wprm-block-text-normal\" rel=\"nofollow\" style=\"color: #222221;\"><span class=\"wprm-recipe-icon wprm-recipe-link-icon\"><img decoding=\"async\" src=\"https:\/\/www.gadis.es\/compartimoslasrecetas\/wp-content\/uploads\/2026\/02\/Ver-mas-recetas-e1772014591689.png\" alt=\"\" data-pin-nopin=\"true\"><\/span> Ver m\u00e1s recetas<\/a>\n\n<\/div>\n<div class=\"wprm-layout-container titulo-movil\">\n<div class=\"wprm-recipe-name wprm-block-text-bold\">Filetes de salm\u00f3n al horno con costra de almendra y un pur\u00e9 de coliflor<\/div>\n<div class=\"wprm-recipe-block-container wprm-recipe-block-container-separate wprm-block-text-normal wprm-recipe-author-container\" style=\"\"><span class=\"wprm-recipe-details-label wprm-block-text-normal wprm-recipe-author-label\">por: <\/span><span class=\"wprm-recipe-details wprm-recipe-author wprm-block-text-normal\">David P\u00e9rez Benito<\/span><\/div>\n\n<\/div>\n\n\n<div class=\"wprm-layout-column-container wprm-align-bottom info-receta\">\n<div class=\"wprm-layout-column wprm-column-width-50 info-izquierda\">\n\n<div class=\"wprm-layout-container contenedor-info\">\n<h1 class=\"wprm-recipe-name wprm-block-text-bold\">Filetes de salm\u00f3n al horno con costra de almendra y un pur\u00e9 de coliflor<\/h1>\n\n<div class=\"wprm-layout-container autor-sumario\">\n<div class=\"wprm-recipe-block-container wprm-recipe-block-container-separate wprm-block-text-normal wprm-recipe-author-container\" style=\"\"><span class=\"wprm-recipe-details-label wprm-block-text-normal wprm-recipe-author-label\">por: <\/span><span class=\"wprm-recipe-details wprm-recipe-author wprm-block-text-normal\">David P\u00e9rez Benito<\/span><\/div>\n\n<div class=\"wprm-recipe-summary wprm-block-text-normal\"><span style=\"display: block;\">Esta receta me la pas\u00f3 mi madre cuando yo la ayudaba de peque\u00f1o. Era un plato que hac\u00eda todos los domingos en casa, y que para m\u00ed es un s\u00edmbolo de uni\u00f3n familiar.<\/span><\/div>\n\n<\/div>\n\n\n\n\n\n\n<\/div>\n\n\n\n\n<\/div>\n\n<div class=\"wprm-layout-column wprm-column-width-25\">\n<div class=\"wprm-recipe-image wprm-block-image-normal\"><img fetchpriority=\"high\" decoding=\"async\" style=\"border-width: 0px;border-style: solid;border-color: #666666;\" width=\"810\" height=\"1265\" src=\"https:\/\/www.gadis.es\/compartimoslasrecetas\/wp-content\/uploads\/2026\/04\/SALMON-1.jpg\" class=\"attachment- size-\" alt=\"\" srcset=\"https:\/\/www.gadis.es\/compartimoslasrecetas\/wp-content\/uploads\/2026\/04\/SALMON-1.jpg 810w, https:\/\/www.gadis.es\/compartimoslasrecetas\/wp-content\/uploads\/2026\/04\/SALMON-1-192x300.jpg 192w, https:\/\/www.gadis.es\/compartimoslasrecetas\/wp-content\/uploads\/2026\/04\/SALMON-1-656x1024.jpg 656w, https:\/\/www.gadis.es\/compartimoslasrecetas\/wp-content\/uploads\/2026\/04\/SALMON-1-768x1199.jpg 768w\" sizes=\"(max-width: 810px) 100vw, 810px\"><\/div>\n<\/div>\n\n\n<\/div>\n\n<div class=\"wprm-layout-container\">\n<div class=\"wprm-image wprm-block-image-normal\"><img decoding=\"async\" style=\"border-width: 0px;border-style: solid;border-color: #666666;\" src=\"https:\/\/www.gadis.es\/compartimoslasrecetas\/wp-content\/uploads\/2026\/02\/divider.svg\" class=\"attachment-x8! size-x8!\" alt=\"\"><\/div>\n<div class=\"wprm-layout-column-container wprm-align-middle datos-receta\">\n<div class=\"wprm-layout-column wprm-column-width-25\">\n<div class=\"wprm-recipe-block-container wprm-recipe-block-container-separated wprm-block-text-normal wprm-recipe-tag-container wprm-recipe-course-container\" style=\"\"><span class=\"wprm-recipe-details-label wprm-block-text-normal wprm-recipe-tag-label wprm-recipe-course-label\">Categor\u00eda <\/span><span class=\"wprm-recipe-course wprm-block-text-normal\">Pescados y mariscos<\/span><\/div>\n\n<\/div>\n<div class=\"wprm-layout-column wprm-column-width-25\">\n<div class=\"wprm-recipe-block-container wprm-recipe-block-container-separated wprm-block-text-normal wprm-recipe-servings-container\" style=\"\"><span class=\"wprm-recipe-details-label wprm-block-text-normal wprm-recipe-servings-label\">Comensales <\/span><span class=\"wprm-recipe-servings-with-unit\"><span class=\"wprm-recipe-servings wprm-recipe-details wprm-recipe-servings-4039 wprm-recipe-servings-adjustable-text-buttons wprm-block-text-normal\" data-recipe=\"4039\" aria-label=\"Adjust recipe servings\" data-button-background=\"#333333\" data-button-accent=\"#ffffff\" data-button-radius=\"3px\">2<\/span> <span class=\"wprm-recipe-servings-unit wprm-recipe-details-unit wprm-block-text-normal\">personas<\/span><\/span><\/div>\n\n<\/div>\n<div class=\"wprm-layout-column wprm-column-width-25 elaboracion\">\n<div class=\"wprm-recipe-block-container wprm-recipe-block-container-separated wprm-block-text-normal wprm-recipe-time-container wprm-recipe-prep-time-container\" style=\"\"><span class=\"wprm-recipe-details-label wprm-block-text-normal wprm-recipe-time-label wprm-recipe-prep-time-label\">Tiempo de elaboraci\u00f3n <\/span><span class=\"wprm-recipe-time wprm-block-text-normal\"><span class=\"wprm-recipe-details wprm-recipe-details-minutes wprm-recipe-prep_time wprm-recipe-prep_time-minutes\">30<span class=\"sr-only screen-reader-text wprm-screen-reader-text\"> minutos<\/span><\/span> <span class=\"wprm-recipe-details-unit wprm-recipe-details-minutes wprm-recipe-prep_time-unit wprm-recipe-prep_timeunit-minutes\" aria-hidden=\"true\">minutos<\/span><\/span><\/div>\n\n<\/div>\n<div class=\"wprm-layout-column wprm-column-width-25\">\n<div class=\"wprm-recipe-block-container wprm-recipe-block-container-separated wprm-block-text-normal wprm-recipe-time-container wprm-recipe-cook-time-container\" style=\"\"><span class=\"wprm-recipe-details-label wprm-block-text-normal wprm-recipe-time-label wprm-recipe-cook-time-label\">Tiempo de cocci\u00f3n <\/span><span class=\"wprm-recipe-time wprm-block-text-normal\"><span class=\"wprm-recipe-details wprm-recipe-details-minutes wprm-recipe-cook_time wprm-recipe-cook_time-minutes\">13<span class=\"sr-only screen-reader-text wprm-screen-reader-text\"> minutos<\/span><\/span> <span class=\"wprm-recipe-details-unit wprm-recipe-details-minutes wprm-recipe-cook_time-unit wprm-recipe-cook_timeunit-minutes\" aria-hidden=\"true\">minutos<\/span><\/span><\/div>\n<\/div>\n<\/div>\n<div class=\"wprm-image wprm-block-image-normal\"><img decoding=\"async\" style=\"border-width: 0px;border-style: solid;border-color: #666666;\" src=\"https:\/\/www.gadis.es\/compartimoslasrecetas\/wp-content\/uploads\/2026\/02\/divider-3.svg\" class=\"attachment-x8! size-x8!\" alt=\"\"><\/div>\n\n\n<\/div>\n<div class=\"wprm-layout-column-container contenido-receta\">\n<div class=\"wprm-layout-column wprm-column-width-33 ingredientes\">\n<div id=\"recipe-4039-ingredients\" class=\"wprm-recipe-ingredients-container wprm-recipe-ingredients-no-images wprm-recipe-4039-ingredients-container wprm-block-text-normal wprm-ingredient-style-regular wprm-recipe-images-before\" data-recipe=\"4039\" data-servings=\"2\"><h2 class=\"wprm-recipe-header wprm-recipe-ingredients-header wprm-block-text-bold wprm-align-left wprm-header-decoration-none\" style=\"\">Ingredientes:<\/h2><div class=\"wprm-recipe-ingredient-group\"><ul class=\"wprm-recipe-ingredients\"><li class=\"wprm-recipe-ingredient\" style=\"list-style-type: disc;\" data-uid=\"0\"><span class=\"wprm-recipe-ingredient-amount\">2<\/span>&#32;<span class=\"wprm-recipe-ingredient-unit\">filetes<\/span>&#32;<span class=\"wprm-recipe-ingredient-name\">de salm\u00f3n<\/span><\/li><li class=\"wprm-recipe-ingredient\" style=\"list-style-type: disc;\" data-uid=\"1\"><span class=\"wprm-recipe-ingredient-amount\">150<\/span>&#32;<span class=\"wprm-recipe-ingredient-unit\">g<\/span>&#32;<span class=\"wprm-recipe-ingredient-name\">de coliflor<\/span><\/li><li class=\"wprm-recipe-ingredient\" style=\"list-style-type: disc;\" data-uid=\"2\"><span class=\"wprm-recipe-ingredient-amount\">30<\/span>&#32;<span class=\"wprm-recipe-ingredient-unit\">g<\/span>&#32;<span class=\"wprm-recipe-ingredient-name\">de almendra molida<\/span><\/li><li class=\"wprm-recipe-ingredient\" style=\"list-style-type: disc;\" data-uid=\"3\"><span class=\"wprm-recipe-ingredient-amount\">2<\/span>&#32;<span class=\"wprm-recipe-ingredient-unit\">cdas<\/span>&#32;<span class=\"wprm-recipe-ingredient-name\">de queso parmesano<\/span><\/li><li class=\"wprm-recipe-ingredient\" style=\"list-style-type: disc;\" data-uid=\"4\"><span class=\"wprm-recipe-ingredient-amount\">1<\/span>&#32;<span class=\"wprm-recipe-ingredient-unit\">diente<\/span>&#32;<span class=\"wprm-recipe-ingredient-name\">de ajo<\/span><\/li><li class=\"wprm-recipe-ingredient\" style=\"list-style-type: disc;\" data-uid=\"5\"><span class=\"wprm-recipe-ingredient-amount\">1<\/span>&#32;<span class=\"wprm-recipe-ingredient-unit\">chorrito<\/span>&#32;<span class=\"wprm-recipe-ingredient-name\">de lim\u00f3n<\/span><\/li><li class=\"wprm-recipe-ingredient\" style=\"list-style-type: disc;\" data-uid=\"6\"><span class=\"wprm-recipe-ingredient-name\">Aceite de oliva<\/span><\/li><li class=\"wprm-recipe-ingredient\" style=\"list-style-type: disc;\" data-uid=\"7\"><span class=\"wprm-recipe-ingredient-name\">Sal y pimienta<\/span><\/li><\/ul><\/div><\/div>\n<div class=\"wprm-image wprm-block-image-normal\"><img decoding=\"async\" style=\"border-width: 0px;border-style: solid;border-color: #666666;\" src=\"https:\/\/www.gadis.es\/compartimoslasrecetas\/wp-content\/uploads\/2026\/02\/divider-1.svg\" class=\"attachment-x8! size-x8!\" alt=\"\"><\/div>\n<\/div>\n<div class=\"wprm-layout-column wprm-column-width-66 preparacion\">\n<div class=\"wprm-image wprm-block-image-normal\"><img decoding=\"async\" style=\"border-width: 0px;border-style: solid;border-color: #666666;\" src=\"https:\/\/www.gadis.es\/compartimoslasrecetas\/wp-content\/uploads\/2026\/02\/divider-3.svg\" class=\"attachment-x8! size-x8!\" alt=\"\"><\/div>\n<div id=\"recipe-4039-instructions\" class=\"wprm-recipe-instructions-container wprm-recipe-4039-instructions-container wprm-block-text-normal\" data-recipe=\"4039\"><h2 class=\"wprm-recipe-header wprm-recipe-instructions-header wprm-block-text-bold wprm-align-left wprm-header-decoration-none\" style=\"\">Preparaci\u00f3n:<\/h2><div class=\"wprm-recipe-instruction-group\"><ul class=\"wprm-recipe-instructions\"><li id=\"wprm-recipe-4039-step-0-0\" class=\"wprm-recipe-instruction\" style=\"list-style-type: none;margin-left: 0px;\"><div class=\"wprm-recipe-instruction-text\"><span style=\"display: block;\">Primero, cocemos la coliflor hasta que est\u00e9 tierna,<\/span><\/div><\/li><li id=\"wprm-recipe-4039-step-0-1\" class=\"wprm-recipe-instruction\" style=\"list-style-type: none;margin-left: 0px;\"><div class=\"wprm-recipe-instruction-text\"><span style=\"display: block;\">Luego la trituramos con un poco de leche y mantequilla para el pur\u00e9.<\/span><\/div><\/li><li id=\"wprm-recipe-4039-step-0-2\" class=\"wprm-recipe-instruction\" style=\"list-style-type: none;margin-left: 0px;\"><div class=\"wprm-recipe-instruction-text\"><span style=\"display: block;\">Despu\u00e9s, mezclamos las almendras, parmesano y ajo, ponemos esta costra encima del salm\u00f3n y horneamos unos 12 minutos a 180 grados.<\/span><\/div><\/li><\/ul><\/div><\/div>\n<\/div>\n<\/div>\n\n<script>\n  document.addEventListener(\"DOMContentLoaded\", function () {\n    const img = document.querySelector(\".cabecera .wprm-image:first-child\");\n  \n    const enlace = document.createElement(\"a\");\n    enlace.href = \"\/compartimoslasrecetas\/\";\n    enlace.target = \"_self\";\n  \n    img.parentNode.insertBefore(enlace, img);\n    enlace.appendChild(img);\n  });\n<\/script><\/div><\/div>\t\t\t\t<\/div>\n\t\t\t\t<\/div>\n\t\t\t\t\t<\/div>\n\t\t\t\t<\/div>\n\t\t\t\t<\/div>\n\t\t","protected":false},"excerpt":{"rendered":"<p>Esta receta me la pas\u00f3 mi madre cuando yo la ayudaba de peque\u00f1o. Era un plato que hac\u00eda todos los domingos en casa, y que para m\u00ed es un s\u00edmbolo de uni\u00f3n familiar.<\/p>\n","protected":false},"author":1,"featured_media":0,"comment_status":"closed","ping_status":"closed","sticky":false,"template":"","format":"standard","meta":{"wprm-recipe-roundup-name":"","wprm-recipe-roundup-description":"","footnotes":""},"categories":[1],"tags":[],"class_list":["post-4717","post","type-post","status-publish","format-standard","hentry","category-uncategorized"],"_links":{"self":[{"href":"https:\/\/www.gadis.es\/compartimoslasrecetas\/wp-json\/wp\/v2\/posts\/4717","targetHints":{"allow":["GET"]}}],"collection":[{"href":"https:\/\/www.gadis.es\/compartimoslasrecetas\/wp-json\/wp\/v2\/posts"}],"about":[{"href":"https:\/\/www.gadis.es\/compartimoslasrecetas\/wp-json\/wp\/v2\/types\/post"}],"author":[{"embeddable":true,"href":"https:\/\/www.gadis.es\/compartimoslasrecetas\/wp-json\/wp\/v2\/users\/1"}],"replies":[{"embeddable":true,"href":"https:\/\/www.gadis.es\/compartimoslasrecetas\/wp-json\/wp\/v2\/comments?post=4717"}],"version-history":[{"count":4,"href":"https:\/\/www.gadis.es\/compartimoslasrecetas\/wp-json\/wp\/v2\/posts\/4717\/revisions"}],"predecessor-version":[{"id":4721,"href":"https:\/\/www.gadis.es\/compartimoslasrecetas\/wp-json\/wp\/v2\/posts\/4717\/revisions\/4721"}],"wp:attachment":[{"href":"https:\/\/www.gadis.es\/compartimoslasrecetas\/wp-json\/wp\/v2\/media?parent=4717"}],"wp:term":[{"taxonomy":"category","embeddable":true,"href":"https:\/\/www.gadis.es\/compartimoslasrecetas\/wp-json\/wp\/v2\/categories?post=4717"},{"taxonomy":"post_tag","embeddable":true,"href":"https:\/\/www.gadis.es\/compartimoslasrecetas\/wp-json\/wp\/v2\/tags?post=4717"}],"curies":[{"name":"wp","href":"https:\/\/api.w.org\/{rel}","templated":true}]}}